{"id":23338,"date":"2019-06-04T13:11:14","date_gmt":"2019-06-04T11:11:14","guid":{"rendered":"https:\/\/www.thereportzone.it\/?p=23338"},"modified":"2019-06-04T13:11:14","modified_gmt":"2019-06-04T11:11:14","slug":"falciano-estate-falcianese-2019-alle-porte-venerdi-incontro-con-le-associazioni-e-commercianti","status":"publish","type":"post","link":"https:\/\/www.thereportzone.it\/?p=23338","title":{"rendered":"FALCIANO &#8211; Estate Falcianese 2019 alle porte: venerd\u00ec incontro con le Associazioni e Commercianti"},"content":{"rendered":"<p>&nbsp;<br \/>\n<strong>FALCIANO<\/strong>. L\u2019Estate Falcianese \u00e8 ormai alle porte e si inizia ad organizzare l\u2019evento anche nei minimi dettagli. Per tale ragione il Comune di Falciano del Massico ha convocato le Associazioni locali iscritte all\u2019Albo comunale e le attivit\u00e0 commerciali ad un incontro che si svolger\u00e0 il prossimo 7 giugno allle ore 21:00 presso la sala consiliare. Sar\u00e0 un ottimo momento di confronto per la programmazione dell\u2019evento. A rendere pubblico l\u2019appuntamento una nota sottoscritta dal consigliere delegato <b>Geppino De Santis<\/b> e dal sindaco Ing. <b>Giovanni Erasmo Fava<\/b>.<br \/>\n<img fetchpriority=\"high\" decoding=\"async\" class=\"alignright size-full wp-image-23339\" src=\"https:\/\/www.thereportzone.it\/wp-content\/uploads\/2019\/06\/B196CDBB-E053-45A9-BC1E-6B4D38D4044A.jpeg\" alt=\"\" width=\"1196\" height=\"1600\" \/><\/p>\n","protected":false},"excerpt":{"rendered":"<p>&nbsp; FALCIANO. L\u2019Estate Falcianese \u00e8 ormai alle porte e si inizia ad organizzare l\u2019evento anche nei minimi dettagli.<\/p>\n","protected":false},"author":2,"featured_media":2999,"comment_status":"closed","ping_status":"closed","sticky":false,"template":"","format":"standard","meta":{"sfsi_plus_gutenberg_text_before_share":"","sfsi_plus_gutenberg_show_text_before_share":"","sfsi_plus_gutenberg_icon_type":"","sfsi_plus_gutenberg_icon_alignemt":"","sfsi_plus_gutenburg_max_per_row":"","footnotes":""},"categories":[10,4,9],"tags":[],"class_list":["post-23338","post","type-post","status-publish","format-standard","has-post-thumbnail","hentry","category-cultura","category-falciano","category-politica"],"_links":{"self":[{"href":"https:\/\/www.thereportzone.it\/index.php?rest_route=\/wp\/v2\/posts\/23338"}],"collection":[{"href":"https:\/\/www.thereportzone.it\/index.php?rest_route=\/wp\/v2\/posts"}],"about":[{"href":"https:\/\/www.thereportzone.it\/index.php?rest_route=\/wp\/v2\/types\/post"}],"author":[{"embeddable":true,"href":"https:\/\/www.thereportzone.it\/index.php?rest_route=\/wp\/v2\/users\/2"}],"replies":[{"embeddable":true,"href":"https:\/\/www.thereportzone.it\/index.php?rest_route=%2Fwp%2Fv2%2Fcomments&post=23338"}],"version-history":[{"count":0,"href":"https:\/\/www.thereportzone.it\/index.php?rest_route=\/wp\/v2\/posts\/23338\/revisions"}],"wp:featuredmedia":[{"embeddable":true,"href":"https:\/\/www.thereportzone.it\/index.php?rest_route=\/"}],"wp:attachment":[{"href":"https:\/\/www.thereportzone.it\/index.php?rest_route=%2Fwp%2Fv2%2Fmedia&parent=23338"}],"wp:term":[{"taxonomy":"category","embeddable":true,"href":"https:\/\/www.thereportzone.it\/index.php?rest_route=%2Fwp%2Fv2%2Fcategories&post=23338"},{"taxonomy":"post_tag","embeddable":true,"href":"https:\/\/www.thereportzone.it\/index.php?rest_route=%2Fwp%2Fv2%2Ftags&post=23338"}],"curies":[{"name":"wp","href":"https:\/\/api.w.org\/{rel}","templated":true}]}}