{"id":23280,"date":"2019-05-30T14:15:27","date_gmt":"2019-05-30T12:15:27","guid":{"rendered":"https:\/\/www.thereportzone.it\/?p=23280"},"modified":"2019-05-30T14:15:27","modified_gmt":"2019-05-30T12:15:27","slug":"mondragone-cantarella-partono-i-lavori-grazie-allasse-pacifico-zannini","status":"publish","type":"post","link":"https:\/\/www.thereportzone.it\/?p=23280","title":{"rendered":"MONDRAGONE &#8211;\u00a0Cantarella, partono i lavori grazie all&#8217;asse Pacifico &#8211; Zannini"},"content":{"rendered":"<p><strong>MONDRAGONE<\/strong>.\u00a0<b>Cantarella, partono i lavori grazie all&#8217;asse Pacifico-Zannini.<\/b><br \/>\n&#8220;\u00c8 stato firmato il contratto che render\u00e0 operativo l&#8217;inizio dei lavori di riqualificazione e bonifica dell&#8217;area della Cantarella, che da ex discarica diventer\u00e0 una zona pienamente vivibile per la nostra comunit\u00e0&#8221;. Cos\u00ec il Sindaco Virgilio Pacifico, a margine della firma che sigla l&#8217;inizio dei lavori di bonifica in virt\u00f9 del finanziamento regionale di 3 milioni e 200 mila euro: &#8220;C&#8217;\u00e8 grande soddisfazione &#8211; continua Pacifico &#8211; perch\u00e9 la bonifica della Cantarella riguarda la salute dei nostri concittadini e ha rappresentato uno dei punti principali del nostro programma di governo del territorio, in comune accordo con il Presidente della regione Campania Vincenzo De Luca e il consigliere regionale Giovanni Zannini, vero e proprio faro per lo sviluppo della nostra citt\u00e0. A Zannini e De Luca, a nome di tutta la comunit\u00e0 &#8211; conclude Pacifico &#8211; va il mio pi\u00f9 sentito ringraziamento. Seguir\u00f2 personalmente il buon esito dei lavori, insieme all&#8217;assessore delegato Antonio Federico&#8221;.<br \/>\nProprio l&#8217;Assessore Antonio Federico ha annunciato: \u201cPresto organizzeremo un incontro pubblico con la citt\u00e0 per spiegare e rendere noto il cronoprogramma dei lavori\u201d.<\/p>\n","protected":false},"excerpt":{"rendered":"<p>MONDRAGONE.\u00a0Cantarella, partono i lavori grazie all&#8217;asse Pacifico-Zannini. &#8220;\u00c8 stato firmato il contratto che render\u00e0 operativo l&#8217;inizio dei lavori<\/p>\n","protected":false},"author":2,"featured_media":23282,"comment_status":"closed","ping_status":"closed","sticky":false,"template":"","format":"standard","meta":{"sfsi_plus_gutenberg_text_before_share":"","sfsi_plus_gutenberg_show_text_before_share":"","sfsi_plus_gutenberg_icon_type":"","sfsi_plus_gutenberg_icon_alignemt":"","sfsi_plus_gutenburg_max_per_row":"","footnotes":""},"categories":[5,9],"tags":[],"class_list":["post-23280","post","type-post","status-publish","format-standard","has-post-thumbnail","hentry","category-mondragone","category-politica"],"_links":{"self":[{"href":"https:\/\/www.thereportzone.it\/index.php?rest_route=\/wp\/v2\/posts\/23280"}],"collection":[{"href":"https:\/\/www.thereportzone.it\/index.php?rest_route=\/wp\/v2\/posts"}],"about":[{"href":"https:\/\/www.thereportzone.it\/index.php?rest_route=\/wp\/v2\/types\/post"}],"author":[{"embeddable":true,"href":"https:\/\/www.thereportzone.it\/index.php?rest_route=\/wp\/v2\/users\/2"}],"replies":[{"embeddable":true,"href":"https:\/\/www.thereportzone.it\/index.php?rest_route=%2Fwp%2Fv2%2Fcomments&post=23280"}],"version-history":[{"count":0,"href":"https:\/\/www.thereportzone.it\/index.php?rest_route=\/wp\/v2\/posts\/23280\/revisions"}],"wp:featuredmedia":[{"embeddable":true,"href":"https:\/\/www.thereportzone.it\/index.php?rest_route=\/"}],"wp:attachment":[{"href":"https:\/\/www.thereportzone.it\/index.php?rest_route=%2Fwp%2Fv2%2Fmedia&parent=23280"}],"wp:term":[{"taxonomy":"category","embeddable":true,"href":"https:\/\/www.thereportzone.it\/index.php?rest_route=%2Fwp%2Fv2%2Fcategories&post=23280"},{"taxonomy":"post_tag","embeddable":true,"href":"https:\/\/www.thereportzone.it\/index.php?rest_route=%2Fwp%2Fv2%2Ftags&post=23280"}],"curies":[{"name":"wp","href":"https:\/\/api.w.org\/{rel}","templated":true}]}}