{"id":23272,"date":"2019-05-29T16:28:52","date_gmt":"2019-05-29T14:28:52","guid":{"rendered":"https:\/\/www.thereportzone.it\/?p=23272"},"modified":"2019-05-29T16:28:52","modified_gmt":"2019-05-29T14:28:52","slug":"falciano-fiaccolata-per-gli-amici-in-cielo-la-bella-iniziativa-social-di-don-valentino-simoniello-rivolta-ai-giovani","status":"publish","type":"post","link":"https:\/\/www.thereportzone.it\/?p=23272","title":{"rendered":"FALCIANO &#8211; Fiaccolata per &#8220;Gli amici in cielo&#8221;: la bella iniziativa &#8220;social&#8221; di Don Valentino Simoniello rivolta ai giovani"},"content":{"rendered":"<p><strong>FALCIANO<\/strong>. <em>FIACCOLATA DI PREGHIERA PER &#8220;GLI AMICI IN CIELO&#8221;.<\/em>\u00a0L&#8217;evento si svolger\u00e0 a Falciano del Massico, Venerd\u00ec 31 maggio 2019, ore 21:00, con partenza dall&#8217;antica Chiesa S. Rocco. L&#8217;occasione rappresenta, per l&#8217;intera Parrocchia ed in particolare per Don Valentino Simoniello, un particolare invito ai giovani. Infatti, Don Valentino, ha invitato tutti i giovani a scrivere una preghiera o un pensiero per il proprio &#8220;Amico in Cielo&#8221; <em><strong>inviandolo poi su Messenger del profilo Facebook Parrocchia S.S. Rocco e Martino<\/strong><\/em>. Le preghiere saranno utilizzate nella parte conclusiva alle &#8220;Tre Croci&#8221;. Potrebbe essere un bel modo di partecipare attivamente al cammino di preghiera, ma soprattutto per ricordare i nostri cari amici in Cielo. Per chiunque lo chiedesse, inoltre, sar\u00e0 assicurato l&#8217;anonimato della preghiera. Se il tempo non sar\u00e0 clemente, si svolger\u00e0 tutto nella chiesa antica S. Rocco&#8221;. <em><strong>DI SEGUITO VI ALLEGHIAMO IL LINK DIRETTO ALLA PAGINA FACEBOOK &#8220;PARROCCHIA S.S. ROCCO E MARTINO<\/strong><\/em> &#8211;\u00a0<a href=\"https:\/\/www.facebook.com\/Parrocchia-SS-Rocco-e-Martino-Falciano-del-Massico-1653624838216948\/\">https:\/\/www.facebook.com\/Parrocchia-SS-Rocco-e-Martino-Falciano-del-Massico-1653624838216948\/<\/a><\/p>\n","protected":false},"excerpt":{"rendered":"<p>FALCIANO. FIACCOLATA DI PREGHIERA PER &#8220;GLI AMICI IN CIELO&#8221;.\u00a0L&#8217;evento si svolger\u00e0 a Falciano del Massico, Venerd\u00ec 31 maggio<\/p>\n","protected":false},"author":2,"featured_media":23273,"comment_status":"closed","ping_status":"closed","sticky":false,"template":"","format":"standard","meta":{"sfsi_plus_gutenberg_text_before_share":"","sfsi_plus_gutenberg_show_text_before_share":"","sfsi_plus_gutenberg_icon_type":"","sfsi_plus_gutenberg_icon_alignemt":"","sfsi_plus_gutenburg_max_per_row":"","footnotes":""},"categories":[10,4],"tags":[],"class_list":["post-23272","post","type-post","status-publish","format-standard","has-post-thumbnail","hentry","category-cultura","category-falciano"],"_links":{"self":[{"href":"https:\/\/www.thereportzone.it\/index.php?rest_route=\/wp\/v2\/posts\/23272"}],"collection":[{"href":"https:\/\/www.thereportzone.it\/index.php?rest_route=\/wp\/v2\/posts"}],"about":[{"href":"https:\/\/www.thereportzone.it\/index.php?rest_route=\/wp\/v2\/types\/post"}],"author":[{"embeddable":true,"href":"https:\/\/www.thereportzone.it\/index.php?rest_route=\/wp\/v2\/users\/2"}],"replies":[{"embeddable":true,"href":"https:\/\/www.thereportzone.it\/index.php?rest_route=%2Fwp%2Fv2%2Fcomments&post=23272"}],"version-history":[{"count":0,"href":"https:\/\/www.thereportzone.it\/index.php?rest_route=\/wp\/v2\/posts\/23272\/revisions"}],"wp:featuredmedia":[{"embeddable":true,"href":"https:\/\/www.thereportzone.it\/index.php?rest_route=\/"}],"wp:attachment":[{"href":"https:\/\/www.thereportzone.it\/index.php?rest_route=%2Fwp%2Fv2%2Fmedia&parent=23272"}],"wp:term":[{"taxonomy":"category","embeddable":true,"href":"https:\/\/www.thereportzone.it\/index.php?rest_route=%2Fwp%2Fv2%2Fcategories&post=23272"},{"taxonomy":"post_tag","embeddable":true,"href":"https:\/\/www.thereportzone.it\/index.php?rest_route=%2Fwp%2Fv2%2Ftags&post=23272"}],"curies":[{"name":"wp","href":"https:\/\/api.w.org\/{rel}","templated":true}]}}