{"id":23096,"date":"2019-05-13T16:43:26","date_gmt":"2019-05-13T14:43:26","guid":{"rendered":"https:\/\/www.thereportzone.it\/?p=23096"},"modified":"2019-05-13T16:43:26","modified_gmt":"2019-05-13T14:43:26","slug":"silver-ice-dalla-nigeria-a-lampedusa-da-x-factor-a-italias-got-talent-per-coronare-il-sogno-della-musica","status":"publish","type":"post","link":"https:\/\/www.thereportzone.it\/?p=23096","title":{"rendered":"Silver Ice, dalla Nigeria a Lampedusa. Da X Factor a Italia&#8217;s Got Talent per coronare il sogno della musica &#8211; FOTO E VIDEO"},"content":{"rendered":"<p><strong>CULTURA<\/strong>. \u201cHo iniziato con la musica a in Africa. Sono cresciuto cantando in chiesa, a 17 anni cantavo con un gruppo di musica tradizionale. A 20 anni ho lasciato la mia famiglia per venire in Italia. Ho attraversato il mare e sono sbarcato a Lampedusa. Adesso vivo in un centro di accoglienza. Sono qui, voglio inseguire il mio sogno perch\u00e9 questo \u00e8 ci\u00f2 che sono e ci\u00f2 che faccio\u201d. Queste sono le dichiarazioni di Slver Ice, all\u2019anagrafe Silver Ukpeigbe, un giovane nigeriano di soli 23 anni e gi\u00e0 capace di catturare l\u2019attenzione delle TV nazionali. Ma partiamo con ordine. Silver Ice vive presso un centro di accoglienza sito in Nocelleto di Carinola. Vive l\u00ec da oltre due anni. Appassionato di musica e con una voce capace di catturare chiunque, alla prima nota. Come se in petto avesse un prezioso strumento musicale, e lui \u00e8 capace di usarlo. Silver, gi\u00e0 conosciuto nel territorio per le sue diverse performance, spesso attuate con il polistrumentista Alfredo Iannelli, oggi si trova ad un punto importante della sua vita. Se, prima, l\u2019interesse per le sue capacit\u00e0 erano espresse da amici, o comunque da persone a lui vicine, adesso il salto di qualit\u00e0 \u00e8 davvero dietro l\u2019angolo. Con molta freddezza, caparbiet\u00e0 e convinzione, Silver Ice si \u00e8 candidato per le pre-audizioni di <strong>X Factor<\/strong>. Le ha svolte lo scorso 27 marzo a Roma. In mezzo a tantissimi giovani talenti Silver Ice \u00e8 riuscita a catturare l\u2019attenzione e l\u2019interesse della giuria, in una manciata di secondi, quei pochi a disposizione per ogni artista obbligato, nei tempi prestabiliti, a dare il meglio di s\u00e9. Ma, come dicevamo pi\u00f9 su, le sue doti gli permettono di raggiungere l\u2019anima dell\u2019ascoltatore gi\u00e0 sulle prime note: questo lo contraddistingue in mezzo ad un mare di giovani che, come lui, sognano di diventare cantanti di fama. Ma non \u00e8 tutto. La sua temerariet\u00e0 lo ha spinto a candidarsi anche per <strong>Italia\u2019s Got Talent<\/strong> e, quasi sicuramente, riuscir\u00e0 ad esibirsi dinanzi a quest\u2019altra giuria, a settembre prossimo. Silver Ice, dalla voce black, calda, massiccia e tagliente, ma allo stesso tempo raffinata ed elegante, \u00e8 un ragazzo che ne ha vissute tante, come tutti coloro i quali, come lui, si vedono costretti ad affrontare il cosiddetto \u201cviaggio della speranza\u201d. E, in effetti, le sue speranze sono molte. Ha questo forte legame con la musica, una marcia in pi\u00f9 che, forse, unita alla sua audacia, con un pizzico di follia, gli permetteranno di raggiungere grandi obiettivi. Noi siamo con Silver, sempre (nel vero senso della parola) e nel nostro piccolo contribuiremo ad accompagnarlo nel raggiungimento di questo sogno. Complimenti Silver Ice.<br \/>\n<img fetchpriority=\"high\" decoding=\"async\" class=\"size-full wp-image-23097 aligncenter\" src=\"https:\/\/www.thereportzone.it\/wp-content\/uploads\/2019\/05\/tre.jpg\" alt=\"\" width=\"720\" height=\"960\" \/><br \/>\n<img decoding=\"async\" class=\"size-full wp-image-23098 aligncenter\" src=\"https:\/\/www.thereportzone.it\/wp-content\/uploads\/2019\/05\/uno.jpg\" alt=\"\" width=\"734\" height=\"960\" \/><br \/>\n<img decoding=\"async\" class=\"size-full wp-image-23099 aligncenter\" src=\"https:\/\/www.thereportzone.it\/wp-content\/uploads\/2019\/05\/due.jpg\" alt=\"\" width=\"701\" height=\"960\" \/><br \/>\nhttps:\/\/www.youtube.com\/watch?v=mNRoVZwJL0c<\/p>\n","protected":false},"excerpt":{"rendered":"<p>CULTURA. \u201cHo iniziato con la musica a in Africa. Sono cresciuto cantando in chiesa, a 17 anni cantavo<\/p>\n","protected":false},"author":2,"featured_media":23100,"comment_status":"closed","ping_status":"closed","sticky":false,"template":"","format":"standard","meta":{"sfsi_plus_gutenberg_text_before_share":"","sfsi_plus_gutenberg_show_text_before_share":"","sfsi_plus_gutenberg_icon_type":"","sfsi_plus_gutenberg_icon_alignemt":"","sfsi_plus_gutenburg_max_per_row":"","footnotes":""},"categories":[2973,10],"tags":[],"class_list":["post-23096","post","type-post","status-publish","format-standard","has-post-thumbnail","hentry","category-carinola","category-cultura"],"_links":{"self":[{"href":"https:\/\/www.thereportzone.it\/index.php?rest_route=\/wp\/v2\/posts\/23096"}],"collection":[{"href":"https:\/\/www.thereportzone.it\/index.php?rest_route=\/wp\/v2\/posts"}],"about":[{"href":"https:\/\/www.thereportzone.it\/index.php?rest_route=\/wp\/v2\/types\/post"}],"author":[{"embeddable":true,"href":"https:\/\/www.thereportzone.it\/index.php?rest_route=\/wp\/v2\/users\/2"}],"replies":[{"embeddable":true,"href":"https:\/\/www.thereportzone.it\/index.php?rest_route=%2Fwp%2Fv2%2Fcomments&post=23096"}],"version-history":[{"count":0,"href":"https:\/\/www.thereportzone.it\/index.php?rest_route=\/wp\/v2\/posts\/23096\/revisions"}],"wp:featuredmedia":[{"embeddable":true,"href":"https:\/\/www.thereportzone.it\/index.php?rest_route=\/"}],"wp:attachment":[{"href":"https:\/\/www.thereportzone.it\/index.php?rest_route=%2Fwp%2Fv2%2Fmedia&parent=23096"}],"wp:term":[{"taxonomy":"category","embeddable":true,"href":"https:\/\/www.thereportzone.it\/index.php?rest_route=%2Fwp%2Fv2%2Fcategories&post=23096"},{"taxonomy":"post_tag","embeddable":true,"href":"https:\/\/www.thereportzone.it\/index.php?rest_route=%2Fwp%2Fv2%2Ftags&post=23096"}],"curies":[{"name":"wp","href":"https:\/\/api.w.org\/{rel}","templated":true}]}}