{"id":23021,"date":"2019-05-06T17:05:29","date_gmt":"2019-05-06T15:05:29","guid":{"rendered":"https:\/\/www.thereportzone.it\/?p=23021"},"modified":"2019-05-06T17:05:29","modified_gmt":"2019-05-06T15:05:29","slug":"falciano-da-oggi-il-mokita-cafe-e-anche-tabacchi","status":"publish","type":"post","link":"https:\/\/www.thereportzone.it\/?p=23021","title":{"rendered":"FALCIANO &#8211; Da oggi il Mokita Caf\u00e8 \u00e8 anche Tabacchi"},"content":{"rendered":"<p><strong>FALCIANO<\/strong>. Soltanto poche settimane dall&#8217;inaugurazione ed il <em><strong>Mokita Caf\u00e8<\/strong><\/em>\u00a0di <strong><em>Antonio Principale<\/em><\/strong> sta gi\u00e0 registrando numeri importanti. Questo non soltanto per le diverse attrazioni, le serate musicali ed il divertimento offerto, ma sicuramente anche grazie alla capacit\u00e0 organizzativa dello staff. E&#8217; di oggi la notizia che, il <strong><em>Mokita Caf\u00e8<\/em><\/strong>, \u00e8 abilitato anche alla vendita di Tabacchi, Un passo importante che dona maggior spessore al locale. Come gi\u00e0 anticipato su queste pagine il Mokita Caf\u00e8 si fa promotore sul territorio di serate usicali capaci di atirare a s\u00e8 un grosso numero di persone. Questo nuovo passo in avanti di oggi, senza dubbio dar\u00e0 al locale un ulteriore slancio. Per tutte le ulteriori info vi invitiamo a consultare la pagina facebook ufficiale al seguente link: (<a href=\"https:\/\/www.facebook.com\/Mokita-Caf%C3%A8-1065832486935045\/?__tn__=kC-R&amp;eid=ARATZN86wZzXUIilYTrXr7ikTvTXYscAcQrZwoYD2sVF0YmL7M51qOXmf2_5IeDj4ncKh6Udq-fU39_U&amp;hc_ref=ARSIqJXLy6islipJd-M5YZwpti3oRet9dWbMVaIwf6rf9MdgFZT8iSxY131Q_9svbpw&amp;fref=nf&amp;__xts__[0]=68.ARBYWB_UiF20J0PTcxsau8ifs-Rfvk_4pupQrcegNABM5ZJZwJmv1fietri56WXZyeI7vJcCHXK-RvIQ70Ji8V4okVRleE7nwPooT8zAHTEmC_b0wyesxOEDKCUxqYZ4dOOfzvgau7a6_1BPExLZ6BTXbD2a4fatG3BUxAc5sudvLH8noJgF-HGQ7Mr5dt3Dxvj9ZUtbe7UaG-F6yJfiL1GIhX4i-C2gVfN7uHdVeiY6SC5gGRGsoKsUeoYQtK4acyHkHaEx2MAaWYDJGRtUBH0yK-bPzHIlMzVGK-eD_k-aCZtxXo5NCCezUtlWS9NdWYOdd6MlROs9upK4yC6y_y8SwF-0AYISCE7wOM-yRDKqVmHxGxw4-7ywr18\">CLICCA QUI)<\/a><br \/>\n<img fetchpriority=\"high\" decoding=\"async\" class=\"size-full wp-image-23022 aligncenter\" src=\"https:\/\/www.thereportzone.it\/wp-content\/uploads\/2019\/05\/mokita.jpg\" alt=\"\" width=\"768\" height=\"960\" \/><\/p>\n","protected":false},"excerpt":{"rendered":"<p>FALCIANO. Soltanto poche settimane dall&#8217;inaugurazione ed il Mokita Caf\u00e8\u00a0di Antonio Principale sta gi\u00e0 registrando numeri importanti. Questo non<\/p>\n","protected":false},"author":2,"featured_media":23023,"comment_status":"closed","ping_status":"closed","sticky":false,"template":"","format":"standard","meta":{"sfsi_plus_gutenberg_text_before_share":"","sfsi_plus_gutenberg_show_text_before_share":"","sfsi_plus_gutenberg_icon_type":"","sfsi_plus_gutenberg_icon_alignemt":"","sfsi_plus_gutenburg_max_per_row":"","footnotes":""},"categories":[10,4],"tags":[],"class_list":["post-23021","post","type-post","status-publish","format-standard","has-post-thumbnail","hentry","category-cultura","category-falciano"],"_links":{"self":[{"href":"https:\/\/www.thereportzone.it\/index.php?rest_route=\/wp\/v2\/posts\/23021"}],"collection":[{"href":"https:\/\/www.thereportzone.it\/index.php?rest_route=\/wp\/v2\/posts"}],"about":[{"href":"https:\/\/www.thereportzone.it\/index.php?rest_route=\/wp\/v2\/types\/post"}],"author":[{"embeddable":true,"href":"https:\/\/www.thereportzone.it\/index.php?rest_route=\/wp\/v2\/users\/2"}],"replies":[{"embeddable":true,"href":"https:\/\/www.thereportzone.it\/index.php?rest_route=%2Fwp%2Fv2%2Fcomments&post=23021"}],"version-history":[{"count":0,"href":"https:\/\/www.thereportzone.it\/index.php?rest_route=\/wp\/v2\/posts\/23021\/revisions"}],"wp:featuredmedia":[{"embeddable":true,"href":"https:\/\/www.thereportzone.it\/index.php?rest_route=\/"}],"wp:attachment":[{"href":"https:\/\/www.thereportzone.it\/index.php?rest_route=%2Fwp%2Fv2%2Fmedia&parent=23021"}],"wp:term":[{"taxonomy":"category","embeddable":true,"href":"https:\/\/www.thereportzone.it\/index.php?rest_route=%2Fwp%2Fv2%2Fcategories&post=23021"},{"taxonomy":"post_tag","embeddable":true,"href":"https:\/\/www.thereportzone.it\/index.php?rest_route=%2Fwp%2Fv2%2Ftags&post=23021"}],"curies":[{"name":"wp","href":"https:\/\/api.w.org\/{rel}","templated":true}]}}