{"id":22794,"date":"2019-04-15T15:54:57","date_gmt":"2019-04-15T13:54:57","guid":{"rendered":"https:\/\/www.thereportzone.it\/?p=22794"},"modified":"2019-04-15T15:54:57","modified_gmt":"2019-04-15T13:54:57","slug":"pasquetta-al-lago-2019-tutto-pronto-per-il-grande-evento","status":"publish","type":"post","link":"https:\/\/www.thereportzone.it\/?p=22794","title":{"rendered":"PASQUETTA AL LAGO 2019 &#8211; TUTTO PRONTO PER IL GRANDE EVENTO"},"content":{"rendered":"<p><strong>FALCIANO<\/strong>. Dopo il grande esito di due anni fa, ritorna la PASQUETTA AL LAGO, edizione 2019. Se nella scorsa edizione gli ospiti sono stati di grosso rilievo, con numeri di affluenza da capogiro, quest&#8217;anno la scaletta non \u00e8 da meno.\u00a012:00 <em><strong>5\\4 live band<\/strong><\/em>; 14:30 <em><strong>DJ UNCINO<\/strong><\/em>; 16:30 <strong><em>I BEVITORI LONGEVI LIVE<\/em><\/strong>; 18:30 <em><strong>VALERIO JOVINE<\/strong><\/em>; 20:00 <strong><em>DJ DAVE JUNO<\/em><\/strong>. Questo il messaggio dello staff sull&#8217;evento ufficiale pubblicato su Facebook:\u00a0Vi aspettiamo anche quest&#8217;anno all&#8217;Impero Azzurro,per la seconda edizione della Pasquetta al lago. Chi \u00e8 stato alla nostra 1\u00b0 edizione lo pu\u00f2 confermare,una giornata all&#8217;insegna di buona musica e divertimento Portatevi pure la carne, il vino o gli avanzi di Pasqua,si perch\u00e9 la nostra Pasquetta \u00e8 tradizionale,quella campestre. Quest&#8217;anno per\u00f2 avremo due ospiti d&#8217;eccezione&#8230; Il grande VALERIO JOVINE (99 posse) E DJ UNCINO (Luche&#8217;). Troverete un&#8217;area picnic attrezzata e tutti i comfort!! Open bar h 12:00. Barbecue a disposizione per tutti&#8221;. AL SEGUENTE LINK IL COLLEGAMENTO DIRETTO ALL&#8217;EVENTO FACEBOOK:\u00a0<a href=\"https:\/\/www.facebook.com\/events\/334408410765231\/\">https:\/\/www.facebook.com\/events\/334408410765231\/<\/a><br \/>\n<img fetchpriority=\"high\" decoding=\"async\" class=\"size-full wp-image-22797 aligncenter\" src=\"https:\/\/www.thereportzone.it\/wp-content\/uploads\/2019\/04\/56938191_379677445968194_4164271793370038272_n.jpg\" alt=\"\" width=\"768\" height=\"960\" \/><\/p>\n","protected":false},"excerpt":{"rendered":"<p>FALCIANO. Dopo il grande esito di due anni fa, ritorna la PASQUETTA AL LAGO, edizione 2019. Se nella<\/p>\n","protected":false},"author":2,"featured_media":22795,"comment_status":"closed","ping_status":"closed","sticky":false,"template":"","format":"standard","meta":{"sfsi_plus_gutenberg_text_before_share":"","sfsi_plus_gutenberg_show_text_before_share":"","sfsi_plus_gutenberg_icon_type":"","sfsi_plus_gutenberg_icon_alignemt":"","sfsi_plus_gutenburg_max_per_row":"","footnotes":""},"categories":[10,4],"tags":[],"class_list":["post-22794","post","type-post","status-publish","format-standard","has-post-thumbnail","hentry","category-cultura","category-falciano"],"_links":{"self":[{"href":"https:\/\/www.thereportzone.it\/index.php?rest_route=\/wp\/v2\/posts\/22794"}],"collection":[{"href":"https:\/\/www.thereportzone.it\/index.php?rest_route=\/wp\/v2\/posts"}],"about":[{"href":"https:\/\/www.thereportzone.it\/index.php?rest_route=\/wp\/v2\/types\/post"}],"author":[{"embeddable":true,"href":"https:\/\/www.thereportzone.it\/index.php?rest_route=\/wp\/v2\/users\/2"}],"replies":[{"embeddable":true,"href":"https:\/\/www.thereportzone.it\/index.php?rest_route=%2Fwp%2Fv2%2Fcomments&post=22794"}],"version-history":[{"count":0,"href":"https:\/\/www.thereportzone.it\/index.php?rest_route=\/wp\/v2\/posts\/22794\/revisions"}],"wp:featuredmedia":[{"embeddable":true,"href":"https:\/\/www.thereportzone.it\/index.php?rest_route=\/"}],"wp:attachment":[{"href":"https:\/\/www.thereportzone.it\/index.php?rest_route=%2Fwp%2Fv2%2Fmedia&parent=22794"}],"wp:term":[{"taxonomy":"category","embeddable":true,"href":"https:\/\/www.thereportzone.it\/index.php?rest_route=%2Fwp%2Fv2%2Fcategories&post=22794"},{"taxonomy":"post_tag","embeddable":true,"href":"https:\/\/www.thereportzone.it\/index.php?rest_route=%2Fwp%2Fv2%2Ftags&post=22794"}],"curies":[{"name":"wp","href":"https:\/\/api.w.org\/{rel}","templated":true}]}}