{"id":22749,"date":"2019-04-12T10:26:41","date_gmt":"2019-04-12T08:26:41","guid":{"rendered":"https:\/\/www.thereportzone.it\/?p=22749"},"modified":"2019-04-12T10:26:41","modified_gmt":"2019-04-12T08:26:41","slug":"i-dialoghi-del-pronao-il-comune-di-falciano-del-massico-patrocina-levento-insieme-ad-altri-comuni","status":"publish","type":"post","link":"https:\/\/www.thereportzone.it\/?p=22749","title":{"rendered":"I Dialoghi del Pronao: il Comune di Falciano del Massico patrocina l&#8217;evento insieme ad altri Comuni"},"content":{"rendered":"<p><strong>CULTURA<\/strong>. Un calendario ricco, che contempla la presenza di important cariche istituzionali, esponenti chiave della cultura e italiana e molto altro. Stiamo parlando de &#8220;I Dialoghi del Pronao&#8221;, un evento ideato, organizzato e realizzato dalla Diocesi di Sessa Aurunca. Gli incontri si svolgeranno stasera, venerd\u00ec 12 aprile, e domani, sabato 13 aprile. Oltre al patrocinio del Comune di Falciano del Massico, c&#8217;\u00e8 quello dei comuni di Mondragone, Sessa Aurunca, Cellole e Carinola.\u00a0I Dialoghi del Pronao, istituiti dalla Diocesi di Sessa Aurunca con la collaborazione di Istituzioni, Enti e Associazioni, sono una opportunit\u00e0 di ricerca e di confronto tra fede e cultura, la direzione culturale \u00e8 a cura di S.E.\u00a0Mons. Orazio Francesco Piazza. Grande l&#8217;entusiasmo dell&#8217;Amministrazione Falciano bene Comune per la partecipazione all&#8217;evento: &#8220;<em>Siamo orgogliosi di patrocinare ed essere parte ad eventi di tale portata ed estremamente importanti<\/em>&#8221; &#8211; ha detto il sindaco Ing. <strong>Giovanni Erasmo Fava.\u00a0<\/strong><br \/>\nIl programma dei \u201c<strong>Dialoghi del Pronao<\/strong>\u201d si sviluppa nella due giorni, ricca di eventi che vedr\u00e0 la partecipazione di personalit\u00e0 della societ\u00e0 civile, della cultura, della politica, della musica e dell\u2019arte, ma anche tanti uomini e donne pronti ad ascoltare e a dialogare tra loro sul tema della \u201cCorruzione\u201d. Il tutto prender\u00e0 il via da domani mattina, con la presentazione della mostra dei ritratti di Tiberio e Druso minore, presso il Salone dei Quadri. Nel pomeriggio, presso piazza Duomo l\u2019incontro con\u00a0<strong>Padre Enzo Fortunato<\/strong>, giornalista e direttore della Sala Stampa del Convento di Assisi e in serata, alle 21.30, il Concerto \u201c<strong>De passione domini<\/strong>\u201c, XI edizione, presso la Chiesa francescana S. Giovanni a Villa, il concerto di musica sacra a cura dell\u2019Orchestra San Giovanni di Napoli, con la straordinaria presenza di\u00a0<strong>Peppe Servillo<\/strong>. Sabato alle ore 10,30, in piazza Duomo, sar\u00e0 conferito il premio \u201cTommaso Moro\u201d al magistrato, gi\u00e0 cittadino onorario,\u00a0<strong>Raffaele Cantone,\u00a0<\/strong>Presidente dell\u2019Autorit\u00e0 Nazionale anti corruzione. Qui di seguito la locandina con gli orari e tutti gli appuntamenti in programma a partire da stasera.<br \/>\n<img fetchpriority=\"high\" decoding=\"async\" class=\"size-full wp-image-22750 aligncenter\" src=\"https:\/\/www.thereportzone.it\/wp-content\/uploads\/2019\/04\/56334721_10217029668445864_8474376890583351296_n.jpg\" alt=\"\" width=\"720\" height=\"960\" \/><\/p>\n","protected":false},"excerpt":{"rendered":"<p>CULTURA. Un calendario ricco, che contempla la presenza di important cariche istituzionali, esponenti chiave della cultura e italiana<\/p>\n","protected":false},"author":2,"featured_media":22751,"comment_status":"closed","ping_status":"closed","sticky":false,"template":"","format":"standard","meta":{"sfsi_plus_gutenberg_text_before_share":"","sfsi_plus_gutenberg_show_text_before_share":"","sfsi_plus_gutenberg_icon_type":"","sfsi_plus_gutenberg_icon_alignemt":"","sfsi_plus_gutenburg_max_per_row":"","footnotes":""},"categories":[2973,2943,10,4,5,2968],"tags":[],"class_list":["post-22749","post","type-post","status-publish","format-standard","has-post-thumbnail","hentry","category-carinola","category-cellole","category-cultura","category-falciano","category-mondragone","category-sessa-aurunca"],"_links":{"self":[{"href":"https:\/\/www.thereportzone.it\/index.php?rest_route=\/wp\/v2\/posts\/22749"}],"collection":[{"href":"https:\/\/www.thereportzone.it\/index.php?rest_route=\/wp\/v2\/posts"}],"about":[{"href":"https:\/\/www.thereportzone.it\/index.php?rest_route=\/wp\/v2\/types\/post"}],"author":[{"embeddable":true,"href":"https:\/\/www.thereportzone.it\/index.php?rest_route=\/wp\/v2\/users\/2"}],"replies":[{"embeddable":true,"href":"https:\/\/www.thereportzone.it\/index.php?rest_route=%2Fwp%2Fv2%2Fcomments&post=22749"}],"version-history":[{"count":0,"href":"https:\/\/www.thereportzone.it\/index.php?rest_route=\/wp\/v2\/posts\/22749\/revisions"}],"wp:featuredmedia":[{"embeddable":true,"href":"https:\/\/www.thereportzone.it\/index.php?rest_route=\/"}],"wp:attachment":[{"href":"https:\/\/www.thereportzone.it\/index.php?rest_route=%2Fwp%2Fv2%2Fmedia&parent=22749"}],"wp:term":[{"taxonomy":"category","embeddable":true,"href":"https:\/\/www.thereportzone.it\/index.php?rest_route=%2Fwp%2Fv2%2Fcategories&post=22749"},{"taxonomy":"post_tag","embeddable":true,"href":"https:\/\/www.thereportzone.it\/index.php?rest_route=%2Fwp%2Fv2%2Ftags&post=22749"}],"curies":[{"name":"wp","href":"https:\/\/api.w.org\/{rel}","templated":true}]}}