{"id":22549,"date":"2019-03-24T11:00:49","date_gmt":"2019-03-24T10:00:49","guid":{"rendered":"https:\/\/www.thereportzone.it\/?p=22549"},"modified":"2019-03-24T11:00:49","modified_gmt":"2019-03-24T10:00:49","slug":"politica-la-smentita-di-de-santis-ad-un-articolo-pubblicato-ieri-su-un-noto-sito","status":"publish","type":"post","link":"https:\/\/www.thereportzone.it\/?p=22549","title":{"rendered":"POLITICA &#8211; La smentita di De Santis ad un articolo pubblicato ieri su un noto sito"},"content":{"rendered":"<p><strong>POLITICA<\/strong>.\u00a0Smentita De Santis Geppino, consigliere comunale di Falciano del Massico, in merito ad un articolo pubblicato ieri sul sito Paese News.<br \/>\n\u201cIn merito all&#8217;articolo pubblicato dal giornalista del vostro sito, Armando Cappelli, riguardo la nomina del vice coordinatore cittadino di Forza Italia a Sessa Aurunca, voglio precisare quanto segue: la mia partecipazione alla riunione con gli altri amici del centrodestra sessano c&#8217;\u00e8 stata e continuer\u00e0 ad esserci. Insieme alla mia famiglia, lavorer\u00f2 per unire la coalizione di centrodestra a Sessa Aurunca per costruire una valida e credibile alternativa all&#8217;attuale amministrazione. Smentisco per\u00f2 con forza la mia appartenenza all&#8217;area grimaldiana avendo legato il mio percorso politico alla figura del mio amico fraterno, onorevole Giampiero Zinzi\u201d.<br \/>\n&nbsp;<\/p>\n","protected":false},"excerpt":{"rendered":"<p>POLITICA.\u00a0Smentita De Santis Geppino, consigliere comunale di Falciano del Massico, in merito ad un articolo pubblicato ieri sul<\/p>\n","protected":false},"author":2,"featured_media":22357,"comment_status":"closed","ping_status":"closed","sticky":false,"template":"","format":"standard","meta":{"sfsi_plus_gutenberg_text_before_share":"","sfsi_plus_gutenberg_show_text_before_share":"","sfsi_plus_gutenberg_icon_type":"","sfsi_plus_gutenberg_icon_alignemt":"","sfsi_plus_gutenburg_max_per_row":"","footnotes":""},"categories":[4,9,2968],"tags":[],"class_list":["post-22549","post","type-post","status-publish","format-standard","has-post-thumbnail","hentry","category-falciano","category-politica","category-sessa-aurunca"],"_links":{"self":[{"href":"https:\/\/www.thereportzone.it\/index.php?rest_route=\/wp\/v2\/posts\/22549"}],"collection":[{"href":"https:\/\/www.thereportzone.it\/index.php?rest_route=\/wp\/v2\/posts"}],"about":[{"href":"https:\/\/www.thereportzone.it\/index.php?rest_route=\/wp\/v2\/types\/post"}],"author":[{"embeddable":true,"href":"https:\/\/www.thereportzone.it\/index.php?rest_route=\/wp\/v2\/users\/2"}],"replies":[{"embeddable":true,"href":"https:\/\/www.thereportzone.it\/index.php?rest_route=%2Fwp%2Fv2%2Fcomments&post=22549"}],"version-history":[{"count":0,"href":"https:\/\/www.thereportzone.it\/index.php?rest_route=\/wp\/v2\/posts\/22549\/revisions"}],"wp:featuredmedia":[{"embeddable":true,"href":"https:\/\/www.thereportzone.it\/index.php?rest_route=\/"}],"wp:attachment":[{"href":"https:\/\/www.thereportzone.it\/index.php?rest_route=%2Fwp%2Fv2%2Fmedia&parent=22549"}],"wp:term":[{"taxonomy":"category","embeddable":true,"href":"https:\/\/www.thereportzone.it\/index.php?rest_route=%2Fwp%2Fv2%2Fcategories&post=22549"},{"taxonomy":"post_tag","embeddable":true,"href":"https:\/\/www.thereportzone.it\/index.php?rest_route=%2Fwp%2Fv2%2Ftags&post=22549"}],"curies":[{"name":"wp","href":"https:\/\/api.w.org\/{rel}","templated":true}]}}