{"id":22345,"date":"2019-03-04T14:40:39","date_gmt":"2019-03-04T13:40:39","guid":{"rendered":"https:\/\/www.thereportzone.it\/?p=22345"},"modified":"2019-03-04T14:40:39","modified_gmt":"2019-03-04T13:40:39","slug":"sessa-aurunca-sinergia-tra-nuovo-patto-aurunco-e-generazione-aurunca-per-fermare-il-declino-della-citta","status":"publish","type":"post","link":"https:\/\/www.thereportzone.it\/?p=22345","title":{"rendered":"SESSA AURUNCA &#8211; Sinergia tra Nuovo Patto Aurunco e Generazione Aurunca per fermare il declino della citt\u00e0"},"content":{"rendered":"<p>Sessa Aurunca sinergia tra Nuovo Patto Aurunco e Generazione Aurunca per fermare il declino della citt\u00e0<br \/>\nSicuramente \u00e8 la novit\u00e0 politica pi\u00f9 rilevante degli ultimi mesi per quanto riguarda il comune di Sessa Aurunca. Giunge il comunicato stampa congiunto dell&#8217;associazione Generazione Aurunca e di Nuovo Patto aurunco con cui si consacra una sinergia di collaborazione sia dei gruppi consiliari e sia delle organizzazioni sociali e politiche che si pongono come alternativa al declino della citt\u00e0 rappresentata dal centro-sinistra in amministrazione,<br \/>\nEcco il Comunicato stampa : &#8220;Cari cittadini,<br \/>\nla profonda crisi politica, economica e culturale del nostro Comune sta divenendo, ormai, irreversibile.<br \/>\nUrge, pertanto, che le forze virtuose che amano la nostra terra e lottano quotidianamente per la sua difesa<br \/>\ninizino a collaborare e costruire una seria e valida alternativa. Nuovo Patto Aurunco e Generazione Aurunca<br \/>\nhanno, perci\u00f2, avviato un percorso comune d\u2019opposizione.<br \/>\nNel rispetto delle storie e delle identit\u00e0 di ciascuno, saremo fortemente sinergici nel contrastare questa<br \/>\nmala-amministrazione finalizzata a premiare e favorire l\u2019interesse di pochi.<br \/>\nI Consiglieri: Luigi Tommasino , Alberto Verrengia Mario Giovanni Truglio , Emilio Pecunioso&#8221;<br \/>\n<img fetchpriority=\"high\" decoding=\"async\" class=\"size-full wp-image-22346 aligncenter\" src=\"https:\/\/www.thereportzone.it\/wp-content\/uploads\/2019\/03\/A6473E06-DACA-442F-868A-255F59E1AB23.jpeg\" alt=\"\" width=\"945\" height=\"1890\" \/><\/p>\n","protected":false},"excerpt":{"rendered":"<p>Sessa Aurunca sinergia tra Nuovo Patto Aurunco e Generazione Aurunca per fermare il declino della citt\u00e0 Sicuramente \u00e8<\/p>\n","protected":false},"author":2,"featured_media":22346,"comment_status":"closed","ping_status":"closed","sticky":false,"template":"","format":"standard","meta":{"sfsi_plus_gutenberg_text_before_share":"","sfsi_plus_gutenberg_show_text_before_share":"","sfsi_plus_gutenberg_icon_type":"","sfsi_plus_gutenberg_icon_alignemt":"","sfsi_plus_gutenburg_max_per_row":"","footnotes":""},"categories":[9,2968],"tags":[],"class_list":["post-22345","post","type-post","status-publish","format-standard","has-post-thumbnail","hentry","category-politica","category-sessa-aurunca"],"_links":{"self":[{"href":"https:\/\/www.thereportzone.it\/index.php?rest_route=\/wp\/v2\/posts\/22345"}],"collection":[{"href":"https:\/\/www.thereportzone.it\/index.php?rest_route=\/wp\/v2\/posts"}],"about":[{"href":"https:\/\/www.thereportzone.it\/index.php?rest_route=\/wp\/v2\/types\/post"}],"author":[{"embeddable":true,"href":"https:\/\/www.thereportzone.it\/index.php?rest_route=\/wp\/v2\/users\/2"}],"replies":[{"embeddable":true,"href":"https:\/\/www.thereportzone.it\/index.php?rest_route=%2Fwp%2Fv2%2Fcomments&post=22345"}],"version-history":[{"count":0,"href":"https:\/\/www.thereportzone.it\/index.php?rest_route=\/wp\/v2\/posts\/22345\/revisions"}],"wp:featuredmedia":[{"embeddable":true,"href":"https:\/\/www.thereportzone.it\/index.php?rest_route=\/"}],"wp:attachment":[{"href":"https:\/\/www.thereportzone.it\/index.php?rest_route=%2Fwp%2Fv2%2Fmedia&parent=22345"}],"wp:term":[{"taxonomy":"category","embeddable":true,"href":"https:\/\/www.thereportzone.it\/index.php?rest_route=%2Fwp%2Fv2%2Fcategories&post=22345"},{"taxonomy":"post_tag","embeddable":true,"href":"https:\/\/www.thereportzone.it\/index.php?rest_route=%2Fwp%2Fv2%2Ftags&post=22345"}],"curies":[{"name":"wp","href":"https:\/\/api.w.org\/{rel}","templated":true}]}}