{"id":22320,"date":"2019-03-02T19:04:43","date_gmt":"2019-03-02T18:04:43","guid":{"rendered":"https:\/\/www.thereportzone.it\/?p=22320"},"modified":"2019-03-02T19:04:43","modified_gmt":"2019-03-02T18:04:43","slug":"cellole-primarie-pd-si-vota-in-piazza-compasso","status":"publish","type":"post","link":"https:\/\/www.thereportzone.it\/?p=22320","title":{"rendered":"CELLOLE &#8211; PRIMARIE PD: SI VOTA IN PIAZZA COMPASSO"},"content":{"rendered":"<p><strong>CELLOLE<\/strong>.\u00a0Per le primarie PD a Cellole si voter\u00e0 presso il gazebo in piazza Compasso, seggio indicato da Verrengia Pasquale, riconosciuto in federazione a Caserta. Come senso di responsabilit\u00e0 e di aggregazione e&#8217; stato per\u00f2 proposto a Vettone da parte della commissione per il congresso la possibilit\u00e0 di partecipare al seggio, il quale ha accettato sottoscrivendo un accordo alla presenza della commissione stessa.\u00a0\u00a0A tal riguardo \u00e8 intervenuto Adelmo Di Paolo che ha dichiarato: &#8220;In conformit\u00e0 con l&#8217;ideale aggregativo, democratico, unitarista e pluralistico nel quale abbiamo sempre creduto, pur stando nella possibilit\u00e0 di calcare volendo la mano, \u00e9 prevalso invece il senso della ragione per il quale mi sono sentito con estrema tranquillit\u00e0 di accettare una loro rappresentanza presso l&#8217;unico seggio ufficiale, quello come da noi comunicato presso Piazza Compasso, cedendo finanche la presidenza; per noi conta fare le cose con giustizia ma siamo persone di &#8220;ragione&#8221; per cui sempre disposte al dialogo pur di essere coesi&#8221;.<\/p>\n","protected":false},"excerpt":{"rendered":"<p>CELLOLE.\u00a0Per le primarie PD a Cellole si voter\u00e0 presso il gazebo in piazza Compasso, seggio indicato da Verrengia<\/p>\n","protected":false},"author":2,"featured_media":22321,"comment_status":"closed","ping_status":"closed","sticky":false,"template":"","format":"standard","meta":{"sfsi_plus_gutenberg_text_before_share":"","sfsi_plus_gutenberg_show_text_before_share":"","sfsi_plus_gutenberg_icon_type":"","sfsi_plus_gutenberg_icon_alignemt":"","sfsi_plus_gutenburg_max_per_row":"","footnotes":""},"categories":[9,2968],"tags":[],"class_list":["post-22320","post","type-post","status-publish","format-standard","has-post-thumbnail","hentry","category-politica","category-sessa-aurunca"],"_links":{"self":[{"href":"https:\/\/www.thereportzone.it\/index.php?rest_route=\/wp\/v2\/posts\/22320"}],"collection":[{"href":"https:\/\/www.thereportzone.it\/index.php?rest_route=\/wp\/v2\/posts"}],"about":[{"href":"https:\/\/www.thereportzone.it\/index.php?rest_route=\/wp\/v2\/types\/post"}],"author":[{"embeddable":true,"href":"https:\/\/www.thereportzone.it\/index.php?rest_route=\/wp\/v2\/users\/2"}],"replies":[{"embeddable":true,"href":"https:\/\/www.thereportzone.it\/index.php?rest_route=%2Fwp%2Fv2%2Fcomments&post=22320"}],"version-history":[{"count":0,"href":"https:\/\/www.thereportzone.it\/index.php?rest_route=\/wp\/v2\/posts\/22320\/revisions"}],"wp:featuredmedia":[{"embeddable":true,"href":"https:\/\/www.thereportzone.it\/index.php?rest_route=\/"}],"wp:attachment":[{"href":"https:\/\/www.thereportzone.it\/index.php?rest_route=%2Fwp%2Fv2%2Fmedia&parent=22320"}],"wp:term":[{"taxonomy":"category","embeddable":true,"href":"https:\/\/www.thereportzone.it\/index.php?rest_route=%2Fwp%2Fv2%2Fcategories&post=22320"},{"taxonomy":"post_tag","embeddable":true,"href":"https:\/\/www.thereportzone.it\/index.php?rest_route=%2Fwp%2Fv2%2Ftags&post=22320"}],"curies":[{"name":"wp","href":"https:\/\/api.w.org\/{rel}","templated":true}]}}