{"id":22243,"date":"2019-02-26T18:01:04","date_gmt":"2019-02-26T17:01:04","guid":{"rendered":"https:\/\/www.thereportzone.it\/?p=22243"},"modified":"2019-02-26T18:01:04","modified_gmt":"2019-02-26T17:01:04","slug":"falciano-istituti-penitenziari-di-parma-intitolati-alla-memoria-di-gennaro-capuano-ed-altri-due-eroi-le-foto","status":"publish","type":"post","link":"https:\/\/www.thereportzone.it\/?p=22243","title":{"rendered":"FALCIANO &#8211; Istituti penitenziari di Parma intitolati alla memoria di Gennaro Capuano ed altri due eroi &#8211; LE FOTO"},"content":{"rendered":"<p><strong>FALCIANO<\/strong>. Un altro titolo che riempie d\u2019orgoglio l\u2019intero popolo falcanese: da oggi gli istituti penitenziari di Parma sono intitolati alla memoria degli agenti <em><strong>Gennaro Capuano<\/strong><\/em> (con gi\u00e0 una Piazza intitolata proprio nel Comune di Falciano del Massico); <strong><em>Enrico Marchesano<\/em><\/strong> e <em><strong>Giuseppe Patrone<\/strong><\/em>, gi\u00e0 insigniti della medaglia d\u2019oro al merito civile dallo scorso 10 ottobre 2008. Una data importante che unisce l\u2019Italia da Nord a Sud, con la storia di tre uomini che hanno lasciato un segno indelebile. Una cerimonia che si \u00e8 svolta nel pieno delle osservanze di rito, con la presenza delle cariche istituzionali, civili e militari, oltre ai familiari dei tre agenti. Per \u201cil falcianese\u201d Gennaro Capuano era presente il figlio Tommaso Capuano, insieme ai \u00a0nipoti Enrico Capuano, Agostino e Massimo Frattasio. La storia, piena di fascino e di una profondit\u00e0 inaudita, \u00e8 tutta da leggere. Cos\u00ec si legge tra le righe del sito della Polizia Penitenziaria (<a href=\"http:\/\/www.poliziapenitenziaria.it\">www.poliziapenitenziaria.it<\/a>): \u201cIn servizio alle Carceri giudiziarie \u201cSan Francesco\u201d di Parma, gli Agenti Capuano, Marchesano e Patrone operavano nelle file della Resistenza parmense. Durante la lotta di Liberazione si prodigavano nell\u2019aiutare i detenuti politici sottoposti a trattamento disumano. Scoperti da una spia nazi-fascista infiltrata tra i detenuti, i tre eroici Agenti furono arrestati e sottoposti a feroci sevizie. Il 19 agosto 1944, a sei giorni dall\u2019arresto, furono portati all\u2019alba nel cortile del carcere e fucilati da un plotone di esecuzione composto dai loro stessi colleghi, costretti dalle autorit\u00e0 della Repubblica Sociale Italiana. Un secondo plotone, denominato \u201cBattaglione della Morte\u201d, venne posizionato alle spalle degli Agenti, pronto ad aprire il fuoco su di essi se non avessero eseguito l\u2019ordine. Gli ausiliari, infatti, si rifiutarono di sparare, tanto che intervenne il responsabile del servizio d\u2019ordine all\u2019interno del carcere per obbligarli a compiere l\u2019odioso gesto. I momenti dell\u2019esecuzione furono struggenti: le ultime parole di Giuseppe Patrone, rivolto ai colleghi costretti ad assistere all\u2019esecuzione, furono: \u201cCoraggio, dite a mio figlio che muoio per un\u2019idea\u201d. Uomini di una caratura difficile da trovare nell\u2019era moderna, lasciano in ognuno di noi l\u2019esempio di coraggio e lealt\u00e0. Qui di seguito le foto della cerimonia svolta oggi a Parma.<br \/>\n&nbsp;<br \/>\n<img fetchpriority=\"high\" decoding=\"async\" class=\"size-full wp-image-22252 aligncenter\" src=\"https:\/\/www.thereportzone.it\/wp-content\/uploads\/2019\/02\/52739808_2242487219406236_6479553568742309888_n.jpg\" alt=\"\" width=\"539\" height=\"960\" \/><br \/>\n<img decoding=\"async\" class=\"size-full wp-image-22253 aligncenter\" src=\"https:\/\/www.thereportzone.it\/wp-content\/uploads\/2019\/02\/52777718_2234801483236681_8202737908671578112_n.jpg\" alt=\"\" width=\"720\" height=\"960\" \/><br \/>\n<img decoding=\"async\" class=\"size-full wp-image-22254 aligncenter\" src=\"https:\/\/www.thereportzone.it\/wp-content\/uploads\/2019\/02\/53086087_1240276732799805_2300273329983979520_n.jpg\" alt=\"\" width=\"960\" height=\"720\" \/><br \/>\n<img loading=\"lazy\" decoding=\"async\" class=\"size-full wp-image-22255 aligncenter\" src=\"https:\/\/www.thereportzone.it\/wp-content\/uploads\/2019\/02\/53279169_1282685408549118_5124287461807095808_n.jpg\" alt=\"\" width=\"720\" height=\"960\" \/><br \/>\n<img loading=\"lazy\" decoding=\"async\" class=\"size-full wp-image-22244 aligncenter\" src=\"https:\/\/www.thereportzone.it\/wp-content\/uploads\/2019\/02\/52719245_10217961774866950_7265707432028930048_n.jpg\" alt=\"\" width=\"960\" height=\"640\" \/><br \/>\n<img loading=\"lazy\" decoding=\"async\" class=\"size-full wp-image-22245 aligncenter\" src=\"https:\/\/www.thereportzone.it\/wp-content\/uploads\/2019\/02\/53013913_10217961775866975_1930911760345202688_n.jpg\" alt=\"\" width=\"720\" height=\"960\" \/><br \/>\n<img loading=\"lazy\" decoding=\"async\" class=\"size-full wp-image-22246 aligncenter\" src=\"https:\/\/www.thereportzone.it\/wp-content\/uploads\/2019\/02\/53083478_10217961774186933_6204739914509058048_n.jpg\" alt=\"\" width=\"960\" height=\"640\" \/><br \/>\n<img loading=\"lazy\" decoding=\"async\" class=\"size-full wp-image-22247 aligncenter\" src=\"https:\/\/www.thereportzone.it\/wp-content\/uploads\/2019\/02\/53139611_10217961773186908_2490994565398396928_n.jpg\" alt=\"\" width=\"960\" height=\"640\" \/><br \/>\n<img loading=\"lazy\" decoding=\"async\" class=\"size-full wp-image-22248 aligncenter\" src=\"https:\/\/www.thereportzone.it\/wp-content\/uploads\/2019\/02\/53169371_10217961772626894_657309684834762752_n.jpg\" alt=\"\" width=\"960\" height=\"640\" \/><br \/>\n&nbsp;<\/p>\n","protected":false},"excerpt":{"rendered":"<p>FALCIANO. Un altro titolo che riempie d\u2019orgoglio l\u2019intero popolo falcanese: da oggi gli istituti penitenziari di Parma sono<\/p>\n","protected":false},"author":2,"featured_media":22248,"comment_status":"closed","ping_status":"closed","sticky":false,"template":"","format":"standard","meta":{"sfsi_plus_gutenberg_text_before_share":"","sfsi_plus_gutenberg_show_text_before_share":"","sfsi_plus_gutenberg_icon_type":"","sfsi_plus_gutenberg_icon_alignemt":"","sfsi_plus_gutenburg_max_per_row":"","footnotes":""},"categories":[8,10,4],"tags":[],"class_list":["post-22243","post","type-post","status-publish","format-standard","has-post-thumbnail","hentry","category-cronaca","category-cultura","category-falciano"],"_links":{"self":[{"href":"https:\/\/www.thereportzone.it\/index.php?rest_route=\/wp\/v2\/posts\/22243"}],"collection":[{"href":"https:\/\/www.thereportzone.it\/index.php?rest_route=\/wp\/v2\/posts"}],"about":[{"href":"https:\/\/www.thereportzone.it\/index.php?rest_route=\/wp\/v2\/types\/post"}],"author":[{"embeddable":true,"href":"https:\/\/www.thereportzone.it\/index.php?rest_route=\/wp\/v2\/users\/2"}],"replies":[{"embeddable":true,"href":"https:\/\/www.thereportzone.it\/index.php?rest_route=%2Fwp%2Fv2%2Fcomments&post=22243"}],"version-history":[{"count":0,"href":"https:\/\/www.thereportzone.it\/index.php?rest_route=\/wp\/v2\/posts\/22243\/revisions"}],"wp:featuredmedia":[{"embeddable":true,"href":"https:\/\/www.thereportzone.it\/index.php?rest_route=\/"}],"wp:attachment":[{"href":"https:\/\/www.thereportzone.it\/index.php?rest_route=%2Fwp%2Fv2%2Fmedia&parent=22243"}],"wp:term":[{"taxonomy":"category","embeddable":true,"href":"https:\/\/www.thereportzone.it\/index.php?rest_route=%2Fwp%2Fv2%2Fcategories&post=22243"},{"taxonomy":"post_tag","embeddable":true,"href":"https:\/\/www.thereportzone.it\/index.php?rest_route=%2Fwp%2Fv2%2Ftags&post=22243"}],"curies":[{"name":"wp","href":"https:\/\/api.w.org\/{rel}","templated":true}]}}