{"id":22191,"date":"2019-02-23T10:31:46","date_gmt":"2019-02-23T09:31:46","guid":{"rendered":"https:\/\/www.thereportzone.it\/?p=22191"},"modified":"2019-02-23T10:31:46","modified_gmt":"2019-02-23T09:31:46","slug":"mondragone-lam-comunale-ripristina-lantica-tradizione-della-canta-dei-mesi","status":"publish","type":"post","link":"https:\/\/www.thereportzone.it\/?p=22191","title":{"rendered":"MONDRAGONE &#8211; L\u2019amministrazione  Comunale ripristina l\u2019antica tradizione della Canta dei Mesi"},"content":{"rendered":"<p><figure id=\"attachment_22193\" aria-describedby=\"caption-attachment-22193\" style=\"width: 828px\" class=\"wp-caption aligncenter\"><img fetchpriority=\"high\" decoding=\"async\" class=\"size-full wp-image-22193\" src=\"https:\/\/www.thereportzone.it\/wp-content\/uploads\/2019\/02\/105A0E3C-647D-4F4F-9FB4-C6311945BAC8.jpeg\" alt=\"\" width=\"828\" height=\"611\" \/><figcaption id=\"caption-attachment-22193\" class=\"wp-caption-text\">Aldo Santamaria<\/figcaption><\/figure><br \/>\n<strong>MONDRAGONE<\/strong>.\u00a0L\u2019Amministrazione Comunale di Mondragone ha deciso di ripristinare una tradizione culturale e folcloristica ormai abbandonata da decenni: la &lt;Canta dei Mesi&gt;. Il Sindaco dott. Virgilio Pacifico, il consigliere Marco Pacifico e \u00a0gli assessori Rosaria Tramonti e Francesca Gravano hanno coinvolto, per l\u2019organizzazione generale del Corteo dei Mesi Aldo Santamaria e per la direzione Artistica Pietro Ciriello.<br \/>\n&lt;Avuto l\u2019incarico di organizzare il raduno di nuovi e vecchi \u201cconcertatori\u201d \u00a0&#8211; \u00a0ci confida Aldo Santamaria \u00a0&#8211; \u00a0ho immediatamente incontrato quelle famiglie storicamente legate alla tradizione dei Mesi: tutte hanno risposto con entusiasmo ed abbiamo iniziato il percorso di memorizzazione del copione e lo scouting di nuovi protagonisti. Solo alla fine siamo passati ai dettagli che tutti potranno ammirare sul palco di Piazza Falcone domenica 3 e martedi 5 marzo a partire dalle ore 19,00&gt;.<br \/>\nIl programma del Corteo dei Mesi, infatti, prevede oltre a queste due date la possibilit\u00e0 di allestire anche un carro itinerante per domenica 10 marzo che tocchi i quattro quartieri storici di Mondragone e accontenti le richieste di numerose Associazioni \u00a0(come l\u2019Associazione degli Anziani di piazza Bergamo, che annovera mondragonesi della terza et\u00e0 impossibilitati a deambulare e quindi bisognosi e desiderosi di vedere e sentire da vicino questi loro concittadini nelle vesti di artisti e cantanti) e operanti in molti settori culturali e sociali.<br \/>\n&lt;Siamo ancora disponibili a raggiungere altre piazze o sedi \u00a0&#8211; \u00a0continua Aldo Santamaria \u00a0&#8211; \u00a0nella speranza di poter accontentare quante pi\u00f9 richieste possiblili&gt;.<br \/>\nGli Assessori \u00a0Rosaria Tramonti e Francesca Gravano, mentre organizzavano (insieme all\u2019Associazione Terramia) \u00a0i carri allegorici \u00a0chiamati a sfilare per le piazze principali della citt\u00e0, invitavano l\u2019Associazione culturale Quintascena a curare tutti gli aspetti della riedizione della Canta dei Mesi.<br \/>\nIl prof Pietro Ciriello, presidente della suindicata Associazione, riteneva fosse giunto il momento di proporre ai cittadini mondragonesi una nuova \u00a0ricerca sulla storicit\u00e0, il significato, il valore storico, artistico e culturale di \u00a0questa centenaria e gloriosa tradizione popolare : da questa idea nasce la pubblicazione del pamphlet \u00a0 &lt;Studio intorno alla Canta dei Mesi mondragonesi&gt;, curata dallo stesso Pietro Ciriello e con l\u2019introduzione del prof Pasquale Giustiniani \u00a0 &#8211; \u00a0Ordinario della cattedra di Storia delle Religioni presso l\u2019Universit\u00e0 Suor Orsola Benincasa \u00a0&#8211; \u00a0e della musicologa \u00a0 Maria Teresa Valerio \u00a0&#8211; esperta di canti e musiche popolari.<br \/>\n&lt;Ci siamo immediatamente messi all\u2019opera \u00a0&#8211; \u00a0dichiara Pietro Ciriello, curatore della pubblicazione e Direttore Artistico del Corteo dei Mesi \u00a0&#8211; \u00a0e con l\u2019equipe scientifica capeggiata dal prof Pasquale Giustiniani abbiamo iniziato a studiare documentazione storica e ad intervistare molti &lt;concertatori&gt; anziani, ma che ricordavano perfettamente persone, fatti e aneddoti intorno a questo Rito laico carnevalesco. Con Aldo Santamaria abbiamo cominciato a fare i provini e ad affidare le parti: nessuna gelosia e nessun protagonismo; tutti si sono resi disponibili a riprendere questa straordinaria tradizione locale, ospitandoci nelle case private e in locali adibiti per le prove. Abbiamo incontrato gente disponibilissima e molto motivata: il risultato lo vedremo nella tre-giorni carnevalesca&gt;.<br \/>\n&lt;Non si pu\u00f2 nascondere la gioia di vedere riproposta questa bellissima festa carnevalesca \u00a0 &#8211; \u00a0 affermano all\u2019unisono il consigliere Marco Pacifico e gli assessori \u00a0Rosaria Tramonti e Francesca Gravano \u00a0&#8211; \u00a0poich\u00e9 siamo sicuri che questa prima ri-edizione della Canta dei Mesi, potr\u00e0 diventare un evento che annualmente verr\u00e0 riproposto e portato avanti dalle nuove generazioni&gt;.<br \/>\n&lt;Nel passato \u00a0&#8211; \u00a0continua il Sindaco di Mondragone, dott. Virgilio Pacifico \u00a0&#8211; \u00a0 si partecipava numerosi, con gusto e divertimento, \u00a0alle rappresentazioni di questo spettacolo unico ed originalissimo; riprenderlo \u00e8 stato un successo di questa Amministrazione comunale e, per i prossimi anni, faremo di tutto per conservarla tra le Feste popolari calendarizzate nella citt\u00e0 di Mondragone&gt;.<br \/>\n&lt;Siamo certi \u00a0&#8211; \u00a0conclude il consigliere regionale dott. Giovanni Zannini \u00a0&#8211; \u00a0che questa tradizione folcloristica continuer\u00e0 \u00a0anche nei prossimi anni, permettendo quel ricambio generazionale, elemento imprescindibile per una comunit\u00e0 cittadina desiderosa di proiettarsi nel futuro, conservando per\u00f2 il proprio patrimonio culturale; appartengono, infatti, ad anni felicissimi quelli in cui, a Carnevale, nella nostra amata citt\u00e0 di Mondragone, si rappresentava questa tradizione contadina ed equestre che vedeva intere famiglie, \u00a0per mesi, incontrarsi nelle case private per imparare quelle che i nostri \u00a0anziani concittadini definivano le \u201cparti\u201d&gt;.<br \/>\n<img decoding=\"async\" class=\"alignright size-full wp-image-22195\" src=\"https:\/\/www.thereportzone.it\/wp-content\/uploads\/2019\/02\/61FC7E09-3976-47A6-A3C9-8DBFA8DC03A4.jpeg\" alt=\"\" width=\"1062\" height=\"1416\" \/><\/p>\n","protected":false},"excerpt":{"rendered":"<p>MONDRAGONE.\u00a0L\u2019Amministrazione Comunale di Mondragone ha deciso di ripristinare una tradizione culturale e folcloristica ormai abbandonata da decenni: la<\/p>\n","protected":false},"author":2,"featured_media":22192,"comment_status":"closed","ping_status":"closed","sticky":false,"template":"","format":"standard","meta":{"sfsi_plus_gutenberg_text_before_share":"","sfsi_plus_gutenberg_show_text_before_share":"","sfsi_plus_gutenberg_icon_type":"","sfsi_plus_gutenberg_icon_alignemt":"","sfsi_plus_gutenburg_max_per_row":"","footnotes":""},"categories":[10,5,9],"tags":[],"class_list":["post-22191","post","type-post","status-publish","format-standard","has-post-thumbnail","hentry","category-cultura","category-mondragone","category-politica"],"_links":{"self":[{"href":"https:\/\/www.thereportzone.it\/index.php?rest_route=\/wp\/v2\/posts\/22191"}],"collection":[{"href":"https:\/\/www.thereportzone.it\/index.php?rest_route=\/wp\/v2\/posts"}],"about":[{"href":"https:\/\/www.thereportzone.it\/index.php?rest_route=\/wp\/v2\/types\/post"}],"author":[{"embeddable":true,"href":"https:\/\/www.thereportzone.it\/index.php?rest_route=\/wp\/v2\/users\/2"}],"replies":[{"embeddable":true,"href":"https:\/\/www.thereportzone.it\/index.php?rest_route=%2Fwp%2Fv2%2Fcomments&post=22191"}],"version-history":[{"count":0,"href":"https:\/\/www.thereportzone.it\/index.php?rest_route=\/wp\/v2\/posts\/22191\/revisions"}],"wp:featuredmedia":[{"embeddable":true,"href":"https:\/\/www.thereportzone.it\/index.php?rest_route=\/"}],"wp:attachment":[{"href":"https:\/\/www.thereportzone.it\/index.php?rest_route=%2Fwp%2Fv2%2Fmedia&parent=22191"}],"wp:term":[{"taxonomy":"category","embeddable":true,"href":"https:\/\/www.thereportzone.it\/index.php?rest_route=%2Fwp%2Fv2%2Fcategories&post=22191"},{"taxonomy":"post_tag","embeddable":true,"href":"https:\/\/www.thereportzone.it\/index.php?rest_route=%2Fwp%2Fv2%2Ftags&post=22191"}],"curies":[{"name":"wp","href":"https:\/\/api.w.org\/{rel}","templated":true}]}}