{"id":21943,"date":"2019-01-29T13:09:40","date_gmt":"2019-01-29T12:09:40","guid":{"rendered":"https:\/\/www.thereportzone.it\/?p=21943"},"modified":"2019-01-29T13:09:40","modified_gmt":"2019-01-29T12:09:40","slug":"falciano-al-via-sportello-di-ascolto-un-progetto-importante-parlano-il-sindaco-e-lassessore-al-ramo","status":"publish","type":"post","link":"https:\/\/www.thereportzone.it\/?p=21943","title":{"rendered":"FALCIANO &#8211; Al via Sportello di Ascolto, un progetto importante: parlano il sindaco e l&#8217;assessore al ramo"},"content":{"rendered":"<p><strong>FALCIANO<\/strong>. Un giorno importante per Falciano del Massico che, attraverso un progetto di altissimo valore sociale, istituisce uno Sportello di Ascolto. Con la delibera N. 10 del 28 Gennaio 2019, infatti, il progetto che da tempo voleva essere attuato diventa finalmente realt\u00e0. A tal riguardo si \u00e8 espresso il sindaco Ing. <strong><em>Giovanni Erasmo Fava<\/em><\/strong>: &#8220;<strong><em>E&#8217; sicuramente un traguardo importante. Un traguardo che, come ogni iniziativa di ordine sociale, si presenta soltanto come l&#8217;inizio. Il nostro intento \u00e8 quello di fare politica per i cittadini ed essere capaci di essere loro d&#8217;aiuto in ogni ambito, soprattutto in quello sociale. Con lo Sportello d&#8217;Ascolto andremo a &#8220;dare voce&#8221; a chi, magari, per troppo tempo vive disagi non pi\u00f9 ammissibili in una societ\u00e0 moderna<\/em><\/strong>&#8220;. Alle parole del primo cittadino si affiancano quelle dell&#8217;Assessore alle Politiche Sociali, <em><strong>Antonietta Rucco<\/strong><\/em>: &#8220;<strong><em>Abbiamo istituito lo Sportello d&#8217;Ascolto. L&#8217;abbiamo fortemente voluto noi tutti, componenti dell&#8217;amministrazione. Viviamo in mezzo al rumore di una societ\u00e0 dell&#8217;apparire, ma la solitudine \u00e8 tanta. Nelle mura domestiche si perpetrano i pi\u00f9 terribili misfatti. Tutto pu\u00f2 essere risolto chiedendo aiuto senza paura, condividere rende leggero ogni peso.\u00a0Lo sportello sar\u00e0 aperto il luned\u00ec, il mercoled\u00ec ed il venerd\u00ec dalle ore 11:00 alle 13:00. Si potr\u00e0 trovare, a titolo assolutamente gratuito e riservato, chi ascolter\u00e0 le problematiche e chi sar\u00e0 capace di indirizzare presso i Servizi Sociali Comunali e di Ambito o presso<\/em><\/strong><span class=\"text_exposed_show\"><strong><em>\u00a0il Consultorio Diocesano &#8220;Giovanni Paolo II&#8221;, con sede in Mondragone, dove si potr\u00e0 usufruire di un&#8217;area psicologica, mediazione familiare, area ginecologica e giuridica economica<\/em><\/strong>&#8220;. Un progetto importante che, a nostro avviso, non pu\u00f2 mancare in una societ\u00e0 che si dice emancipata. Non \u00e8 pi\u00f9 accettabile assistere a terribili episodi familiari. Questo \u00e8 sicuramente un ottimo mezzo per arginare ogni tipologia di disagio sociale.\u00a0<\/span><br \/>\n<img fetchpriority=\"high\" decoding=\"async\" class=\"size-full wp-image-21944 aligncenter\" src=\"https:\/\/www.thereportzone.it\/wp-content\/uploads\/2019\/01\/delibera-sportello.jpg\" alt=\"\" width=\"678\" height=\"445\" \/><\/p>\n","protected":false},"excerpt":{"rendered":"<p>FALCIANO. Un giorno importante per Falciano del Massico che, attraverso un progetto di altissimo valore sociale, istituisce uno<\/p>\n","protected":false},"author":2,"featured_media":21946,"comment_status":"closed","ping_status":"closed","sticky":false,"template":"","format":"standard","meta":{"sfsi_plus_gutenberg_text_before_share":"","sfsi_plus_gutenberg_show_text_before_share":"","sfsi_plus_gutenberg_icon_type":"","sfsi_plus_gutenberg_icon_alignemt":"","sfsi_plus_gutenburg_max_per_row":"","footnotes":""},"categories":[10,4,9],"tags":[],"class_list":["post-21943","post","type-post","status-publish","format-standard","has-post-thumbnail","hentry","category-cultura","category-falciano","category-politica"],"_links":{"self":[{"href":"https:\/\/www.thereportzone.it\/index.php?rest_route=\/wp\/v2\/posts\/21943"}],"collection":[{"href":"https:\/\/www.thereportzone.it\/index.php?rest_route=\/wp\/v2\/posts"}],"about":[{"href":"https:\/\/www.thereportzone.it\/index.php?rest_route=\/wp\/v2\/types\/post"}],"author":[{"embeddable":true,"href":"https:\/\/www.thereportzone.it\/index.php?rest_route=\/wp\/v2\/users\/2"}],"replies":[{"embeddable":true,"href":"https:\/\/www.thereportzone.it\/index.php?rest_route=%2Fwp%2Fv2%2Fcomments&post=21943"}],"version-history":[{"count":0,"href":"https:\/\/www.thereportzone.it\/index.php?rest_route=\/wp\/v2\/posts\/21943\/revisions"}],"wp:featuredmedia":[{"embeddable":true,"href":"https:\/\/www.thereportzone.it\/index.php?rest_route=\/"}],"wp:attachment":[{"href":"https:\/\/www.thereportzone.it\/index.php?rest_route=%2Fwp%2Fv2%2Fmedia&parent=21943"}],"wp:term":[{"taxonomy":"category","embeddable":true,"href":"https:\/\/www.thereportzone.it\/index.php?rest_route=%2Fwp%2Fv2%2Fcategories&post=21943"},{"taxonomy":"post_tag","embeddable":true,"href":"https:\/\/www.thereportzone.it\/index.php?rest_route=%2Fwp%2Fv2%2Ftags&post=21943"}],"curies":[{"name":"wp","href":"https:\/\/api.w.org\/{rel}","templated":true}]}}