{"id":21857,"date":"2019-01-21T12:01:49","date_gmt":"2019-01-21T11:01:49","guid":{"rendered":"https:\/\/www.thereportzone.it\/?p=21857"},"modified":"2019-01-21T12:01:49","modified_gmt":"2019-01-21T11:01:49","slug":"polo-culturale-ager-falernus-ottimo-esito-dellinaugurazione-domani-il-secondo-incontro","status":"publish","type":"post","link":"https:\/\/www.thereportzone.it\/?p=21857","title":{"rendered":"Polo Culturale Ager Falernus: ottimo esito dell\u2019inaugurazione. Domani il secondo incontro"},"content":{"rendered":"<p>&nbsp;<br \/>\n&nbsp;<br \/>\n&nbsp;<br \/>\n<b>FALCIANO<\/b>. Un grande esito per il taglio del nastro del Polo Cukturale Ager Falernus che inizia cos\u00ec il nuovo percorso di incontri e tantissime coinvolgenti attivit\u00e0. Una platea numerosa, sabato scorso, ad assistere all\u2019incontro di presentazione del programma. Sono intervenuti: il sindaco Ing. Giovanni Erasmo Fava, l\u2019assessore Maria Palmina Manica ed il Prof. Giuseppe Toscano, nominato direttore del Polo. Interessante l\u2019intervento del primo cittadino che ha precisato l\u2019importanza di rendere possibile l\u2019aggregazione dei giovani attraverso luoghi ed attivit\u00e0 culturali. A Falciano, ci\u00f2, \u00e8 sempre mancato: finalmente si potr\u00e0 lavorare in tao senso. Bello anche l\u2019intervento della Prof. Maria Palmina Manica. Per lei la cultura \u00e8 al centro di tutto e, dunque, tutto quanto di culturale si organizza e si avvia, non pu\u00f2 che essere motivo di orgoglio e di concreto lavoro. Il Prof. Giuseppe Toscano, poi, nel suo intervento, ha lanciato uno sguardo su quello che sar\u00e0 il progetto a lungo termine del Polo Culturale. Sar\u00e0 avviato un servizio Biblioteca, con il coinvolgimento dei giovani che potranno consultare e scambiarsi libri; sar\u00e0 creata una enoteca, a dimostrazione del fatto che il Vino Falerno rappresenta un fondamentale tassello culturale per l\u2019intero territorio. Inoltre, la grandissima apertura a tutte le attivit\u00e0 senza scoop di lucro portate avanti da giovani e chiunque abbia un progetto valido. Il direttore, poi, ha anche sottolineato la linea da tenere: \u201cun Polo Culturale assolutamente apolitico\u201d &#8211; ha detto. Ed il forte indirizzamento alle attivit\u00e0 portate avanti dai giovani \u00e8 stato gi\u00e0 palpabile al taglio del nastr: due giovanissimi di Falciano, Danilo Petten\u00f2 e Eugenia Petrella, ad accompagnare tutta la serata con toccanti brani musicali; la giovane Rossella Leone a condurre e presentare la serata, e tanti giovani del Gruppo Teatrale L\u2019Istrione (ma non solo) a seguire tutto il dibattito. Cos\u00ec, domani sera, ci sar\u00e0 gi\u00e0 il secondo incontro, dedicato alla Memoria della Shoah. L\u2019appuntamento \u00e8 per le ore 18:00 presso il Polo Culturale. Saranno altri particolari momenti di storia, cultura e memoria. Qui di seguito le foto del taglio del nastro.<br \/>\n<img fetchpriority=\"high\" decoding=\"async\" class=\"size-full wp-image-21847 aligncenter\" src=\"https:\/\/www.thereportzone.it\/wp-content\/uploads\/2019\/01\/03669EB5-9BC6-4322-9B2B-95D2807C6692.png\" alt=\"\" width=\"828\" height=\"1792\" \/><br \/>\n<img decoding=\"async\" class=\"size-full wp-image-21849 aligncenter\" src=\"https:\/\/www.thereportzone.it\/wp-content\/uploads\/2019\/01\/45672EF9-3BEC-488A-9B1B-47B81AFF13BB.png\" alt=\"\" width=\"828\" height=\"1792\" \/><br \/>\n<img decoding=\"async\" class=\"size-full wp-image-21850 aligncenter\" src=\"https:\/\/www.thereportzone.it\/wp-content\/uploads\/2019\/01\/B81AA072-54B5-4EA5-80F3-65331D1F487A.jpeg\" alt=\"\" width=\"828\" height=\"651\" \/><br \/>\n<img loading=\"lazy\" decoding=\"async\" class=\"size-full wp-image-21851 aligncenter\" src=\"https:\/\/www.thereportzone.it\/wp-content\/uploads\/2019\/01\/AF9FFC07-3EC8-452C-AFFE-41C14BD4E932.jpeg\" alt=\"\" width=\"828\" height=\"607\" \/><br \/>\n<img loading=\"lazy\" decoding=\"async\" class=\"size-full wp-image-21852 aligncenter\" src=\"https:\/\/www.thereportzone.it\/wp-content\/uploads\/2019\/01\/9B0D4A25-411A-48DA-B53C-1FB7B49BE0DD.jpeg\" alt=\"\" width=\"828\" height=\"690\" \/><br \/>\n<img loading=\"lazy\" decoding=\"async\" class=\"size-full wp-image-21853 aligncenter\" src=\"https:\/\/www.thereportzone.it\/wp-content\/uploads\/2019\/01\/40AAF3D1-3D43-4EB3-923E-25A48126C194.jpeg\" alt=\"\" width=\"828\" height=\"612\" \/><br \/>\n<img loading=\"lazy\" decoding=\"async\" class=\"size-full wp-image-21854 aligncenter\" src=\"https:\/\/www.thereportzone.it\/wp-content\/uploads\/2019\/01\/E78969E2-AE9E-4AA1-9B7B-D3DC9B40A8BF.jpeg\" alt=\"\" width=\"828\" height=\"908\" \/><br \/>\n<img loading=\"lazy\" decoding=\"async\" class=\"size-full wp-image-21855 aligncenter\" src=\"https:\/\/www.thereportzone.it\/wp-content\/uploads\/2019\/01\/174AE5CC-B2CD-4940-BE34-805A95B0E22A.jpeg\" alt=\"\" width=\"828\" height=\"739\" \/><br \/>\n<img loading=\"lazy\" decoding=\"async\" class=\"size-full wp-image-21856 aligncenter\" src=\"https:\/\/www.thereportzone.it\/wp-content\/uploads\/2019\/01\/8BC54C71-F3C8-41CC-BB38-C1AB8589E2E5.jpeg\" alt=\"\" width=\"828\" height=\"506\" \/><\/p>\n","protected":false},"excerpt":{"rendered":"<p>&nbsp; &nbsp; &nbsp; FALCIANO. Un grande esito per il taglio del nastro del Polo Cukturale Ager Falernus che<\/p>\n","protected":false},"author":2,"featured_media":21856,"comment_status":"closed","ping_status":"closed","sticky":false,"template":"","format":"standard","meta":{"sfsi_plus_gutenberg_text_before_share":"","sfsi_plus_gutenberg_show_text_before_share":"","sfsi_plus_gutenberg_icon_type":"","sfsi_plus_gutenberg_icon_alignemt":"","sfsi_plus_gutenburg_max_per_row":"","footnotes":""},"categories":[10,4],"tags":[],"class_list":["post-21857","post","type-post","status-publish","format-standard","has-post-thumbnail","hentry","category-cultura","category-falciano"],"_links":{"self":[{"href":"https:\/\/www.thereportzone.it\/index.php?rest_route=\/wp\/v2\/posts\/21857"}],"collection":[{"href":"https:\/\/www.thereportzone.it\/index.php?rest_route=\/wp\/v2\/posts"}],"about":[{"href":"https:\/\/www.thereportzone.it\/index.php?rest_route=\/wp\/v2\/types\/post"}],"author":[{"embeddable":true,"href":"https:\/\/www.thereportzone.it\/index.php?rest_route=\/wp\/v2\/users\/2"}],"replies":[{"embeddable":true,"href":"https:\/\/www.thereportzone.it\/index.php?rest_route=%2Fwp%2Fv2%2Fcomments&post=21857"}],"version-history":[{"count":0,"href":"https:\/\/www.thereportzone.it\/index.php?rest_route=\/wp\/v2\/posts\/21857\/revisions"}],"wp:featuredmedia":[{"embeddable":true,"href":"https:\/\/www.thereportzone.it\/index.php?rest_route=\/"}],"wp:attachment":[{"href":"https:\/\/www.thereportzone.it\/index.php?rest_route=%2Fwp%2Fv2%2Fmedia&parent=21857"}],"wp:term":[{"taxonomy":"category","embeddable":true,"href":"https:\/\/www.thereportzone.it\/index.php?rest_route=%2Fwp%2Fv2%2Fcategories&post=21857"},{"taxonomy":"post_tag","embeddable":true,"href":"https:\/\/www.thereportzone.it\/index.php?rest_route=%2Fwp%2Fv2%2Ftags&post=21857"}],"curies":[{"name":"wp","href":"https:\/\/api.w.org\/{rel}","templated":true}]}}