{"id":21828,"date":"2019-01-18T14:47:04","date_gmt":"2019-01-18T13:47:04","guid":{"rendered":"https:\/\/www.thereportzone.it\/?p=21828"},"modified":"2019-01-18T14:47:04","modified_gmt":"2019-01-18T13:47:04","slug":"falciano-al-via-le-attivita-presso-il-polo-culturale-ager-falernus-domani-linaugurazione","status":"publish","type":"post","link":"https:\/\/www.thereportzone.it\/?p=21828","title":{"rendered":"FALCIANO &#8211; Al via le attivit\u00e0 presso il Polo Culturale Ager Falernus, domani l&#8217;inaugurazione"},"content":{"rendered":"<p>&nbsp;<br \/>\n&nbsp;<br \/>\n&nbsp;<br \/>\n<strong>FALCIANO<\/strong>. Al via le attivit\u00e0 del <em>Polo Culturale Ager Falernus<\/em>. Domani, sabato 16 gennaio, a partire dalle ore 18.30, la cerimonia in presenza di cariche istituzionali, musica dal vivo e presentazione del Programma Ufficiale del Polo Culturale di cui il Prof. <strong><em>Giuseppe Toscano<\/em><\/strong> \u00e8 Coordinatore. Saranno presenti il sindaco Ing. <em><strong>Giovanni Erasmo Fava<\/strong><\/em>; l&#8217;Assessore alla Cultura, Prof. <strong><em>Maria Palmina Manica<\/em><\/strong>, che interverranno in merito a questa nuovo percorso. Ci sar\u00e0, poi, la proiezione del video originale sui siti archeologici di Falciano del Massico. Il tutto accompagnato dalla musica suonata e cantata da <em>Danilo Petten\u00f2<\/em> ed <em>Eugenia Petrella<\/em>. Si concluder\u00e0 con il brindisi inaugurale. Ma non \u00e8 tutto. Per il giorno 22 gennaio, alle ore 18.00, \u00e8 in programma gi\u00e0 la seconda giornata di eventi: &#8220;<em>Gornata della Memoria &#8211; Shoah<\/em>&#8220;, con letture, riflessioni e testimonianze sul tema, con tantissimi interventi ed interessantissime presenze. Si passer\u00e0, poi, nei giorni 26 gennaio e 9 febbraio alla proiezione di due bellissimi film: &#8220;<em>Shindler&#8217;s List&#8221;<\/em> (il 26 gennaio) e &#8220;<em>L&#8217;ultimo Metr\u00f2<\/em>&#8221; (il 9 febbraio).<br \/>\n<img fetchpriority=\"high\" decoding=\"async\" class=\"size-full wp-image-21829 aligncenter\" src=\"https:\/\/www.thereportzone.it\/wp-content\/uploads\/2019\/01\/Locandina.jpg\" alt=\"\" width=\"1357\" height=\"1600\" \/><\/p>\n","protected":false},"excerpt":{"rendered":"<p>&nbsp; &nbsp; &nbsp; FALCIANO. Al via le attivit\u00e0 del Polo Culturale Ager Falernus. Domani, sabato 16 gennaio, a<\/p>\n","protected":false},"author":2,"featured_media":21831,"comment_status":"closed","ping_status":"closed","sticky":false,"template":"","format":"standard","meta":{"sfsi_plus_gutenberg_text_before_share":"","sfsi_plus_gutenberg_show_text_before_share":"","sfsi_plus_gutenberg_icon_type":"","sfsi_plus_gutenberg_icon_alignemt":"","sfsi_plus_gutenburg_max_per_row":"","footnotes":""},"categories":[10,4,9],"tags":[],"class_list":["post-21828","post","type-post","status-publish","format-standard","has-post-thumbnail","hentry","category-cultura","category-falciano","category-politica"],"_links":{"self":[{"href":"https:\/\/www.thereportzone.it\/index.php?rest_route=\/wp\/v2\/posts\/21828"}],"collection":[{"href":"https:\/\/www.thereportzone.it\/index.php?rest_route=\/wp\/v2\/posts"}],"about":[{"href":"https:\/\/www.thereportzone.it\/index.php?rest_route=\/wp\/v2\/types\/post"}],"author":[{"embeddable":true,"href":"https:\/\/www.thereportzone.it\/index.php?rest_route=\/wp\/v2\/users\/2"}],"replies":[{"embeddable":true,"href":"https:\/\/www.thereportzone.it\/index.php?rest_route=%2Fwp%2Fv2%2Fcomments&post=21828"}],"version-history":[{"count":0,"href":"https:\/\/www.thereportzone.it\/index.php?rest_route=\/wp\/v2\/posts\/21828\/revisions"}],"wp:featuredmedia":[{"embeddable":true,"href":"https:\/\/www.thereportzone.it\/index.php?rest_route=\/"}],"wp:attachment":[{"href":"https:\/\/www.thereportzone.it\/index.php?rest_route=%2Fwp%2Fv2%2Fmedia&parent=21828"}],"wp:term":[{"taxonomy":"category","embeddable":true,"href":"https:\/\/www.thereportzone.it\/index.php?rest_route=%2Fwp%2Fv2%2Fcategories&post=21828"},{"taxonomy":"post_tag","embeddable":true,"href":"https:\/\/www.thereportzone.it\/index.php?rest_route=%2Fwp%2Fv2%2Ftags&post=21828"}],"curies":[{"name":"wp","href":"https:\/\/api.w.org\/{rel}","templated":true}]}}