{"id":21756,"date":"2019-01-08T13:00:54","date_gmt":"2019-01-08T12:00:54","guid":{"rendered":"https:\/\/www.thereportzone.it\/?p=21756"},"modified":"2019-01-08T13:00:54","modified_gmt":"2019-01-08T12:00:54","slug":"natale-a-falciano-risultati-inaspettati-parlano-il-sindaco-fava-il-capogruppo-freddino-ed-il-consigliere-de-santis","status":"publish","type":"post","link":"https:\/\/www.thereportzone.it\/?p=21756","title":{"rendered":"Natale a Falciano, risultati inaspettati: parlano il sindaco Fava, il Capogruppo Freddino ed il Consigliere De Santis"},"content":{"rendered":"<p>&nbsp;<br \/>\n&nbsp;<br \/>\n&nbsp;<br \/>\n&nbsp;<br \/>\n&nbsp;<br \/>\n&nbsp;<br \/>\n<figure id=\"attachment_21758\" aria-describedby=\"caption-attachment-21758\" style=\"width: 635px\" class=\"wp-caption aligncenter\"><img fetchpriority=\"high\" decoding=\"async\" class=\"wp-image-21758 size-full\" src=\"https:\/\/www.thereportzone.it\/wp-content\/uploads\/2019\/01\/45883866_10213711791051240_5630683016746500096_n.jpg\" alt=\"\" width=\"635\" height=\"397\" \/><figcaption id=\"caption-attachment-21758\" class=\"wp-caption-text\">Il consigliere comunale Geppino De Santis, il sindaco Erasmo Fava, il Capogruppo Corrado Freddino<\/figcaption><\/figure><br \/>\n<strong>FALCIANO<\/strong>. Il <strong>Natale a Falciano del Massico<\/strong> si \u00e8 chiuso con la grande serata di domenica, giorno dell&#8217;Epifania. Una manifestazione che traccia una linea molto positiva in materia di incremento turistico, culturale e commerciale. Lo si \u00e8 visto gi\u00e0 nei primi giorni dell&#8217;evento: un altissimo flusso turistico ed un andirivieni che ha giovato al commercio del paese. Il tutto senza mai perdere di vista i valori della cultura e della tradizione locale, il vero volano di una economia che, a livello globale, punta sempre pi\u00f9 alla valorizzazione dei prodotti di ambito territoriale. E cos\u00ec, Falciano del Massico, con il suo magnifico Vino Falerno, con la vastit\u00e0 dei dolci tipici e di una particolare cucina locale, si candida ad essere una delle mete preferite di tutto il territorio su scala regionale. Oltre al grande lavoro della macchina turistico\/culturale, poi, nell&#8217;ambito della manifestazione non sono mancati i momenti di grande spettacolo: non soltanto nomi conosciuti in ambito nazionale, ma anche le grandi esibizioni dei talenti locali, come compagnie teatrali, band emergenti e molto altro ancora. Un bilancio pi\u00f9 che positivo: ne \u00e8 dimostrazione la grande impronta che questo evento \u00e8 riuscito a lasciare nelle menti di ognuno che, almeno per una sera, ha vissuto la manifestazione. A tal proposito \u00e8 intervenuto il sindaco Ing. <strong><em>Giovanni Erasmo Fava<\/em><\/strong> che ha detto: &#8220;<em>Sono molto soddisfatto di come si \u00e8 sviluppata l&#8217;intera manifestazione. Ci aspettavamo grandi risposte in tema di affluenza, e ci\u00f2 \u00e8 avvenuto. Inoltre \u00e8 stato interessante vedere la grande partecipazione di tutti i commercianti del territorio. Doverosi i ringraziamenti alla Regione Campania, alle Forze dell&#8217;Ordine, all&#8217;Associazione Falciano Tutto l&#8217;Anno, a tutti i commercianti, alla Protezione Civile e a tutte le cariche istituzionali politiche e religiose che hanno preso parte all&#8217;evento<\/em>&#8220;. Alle parole del primo cittadino si affiancano quelle del Capogruppo <strong>Corrado Freddino<\/strong>: &#8220;<em>Come gi\u00e0 annunciato su queste pagine, ero consapevole che l&#8217;evento avrebbe sortito i risultati attesi. Abbiamo fatto un grande lavoro di squadra noi come amministrazione, insieme ad associazioni, commercianti e tutti coloro i quali hanno preso parte all&#8217;evento. Se continuiamo di questo passo si potranno raggiungere ulteriori ottimi risultati per il Bene Comune di Falciano<\/em>&#8220;. Molto sentite anche le parole del Consigliere Comunale <em><strong>Geppino De Santis<\/strong><\/em>: &#8220;<em>Voglio porgere i miei complimenti al lavoro svolto dall&#8217;Associazione Falciano Tutto l&#8217;Anno, ringrazio il Presidente Nicola Gravano e tutti i componenti per l&#8217;impegno profuso in questo lungo periodo di organizzazione e svolgimento dell&#8217;evento. Falciano sta rinascendo passando per la cultura e le tradizioni. All&#8217;ottimo esito della Falerno Fest si affianca il grande risultato del Natale a Falciano e di questo non possiamo che essere fieri. Non abbiamo dimenticato la Festa dell&#8217;Olio di Oliva che a breve gi\u00e0 sar\u00e0 organizzata per il prossimo Novembre 2019. Se non l&#8217;abbiamo presentata fino ad ora \u00e8 stato per via di vicissitudini familiari che mi hanno colpito e, in parte, anche per questa modesta annata per l&#8217;olio di oliva. Ringrazio tutti per la partecipazione. Siamo gi\u00e0 al lavoro per nuovi eventi mirati alla valorizzazione del terrritorio, della nostra cultura e delle nostre tradizioni<\/em>&#8220;. Tutto ha funzionato alla perfezione, ci auguriamo che eventi del genere siano sempre pi\u00f9 frequenti per un sempre pi\u00f9 intenso rilancio di un territorio che merita.<\/p>\n","protected":false},"excerpt":{"rendered":"<p>&nbsp; &nbsp; &nbsp; &nbsp; &nbsp; &nbsp; FALCIANO. Il Natale a Falciano del Massico si \u00e8 chiuso con la<\/p>\n","protected":false},"author":2,"featured_media":21758,"comment_status":"closed","ping_status":"closed","sticky":false,"template":"","format":"standard","meta":{"sfsi_plus_gutenberg_text_before_share":"","sfsi_plus_gutenberg_show_text_before_share":"","sfsi_plus_gutenberg_icon_type":"","sfsi_plus_gutenberg_icon_alignemt":"","sfsi_plus_gutenburg_max_per_row":"","footnotes":""},"categories":[10,4,9],"tags":[],"class_list":["post-21756","post","type-post","status-publish","format-standard","has-post-thumbnail","hentry","category-cultura","category-falciano","category-politica"],"_links":{"self":[{"href":"https:\/\/www.thereportzone.it\/index.php?rest_route=\/wp\/v2\/posts\/21756"}],"collection":[{"href":"https:\/\/www.thereportzone.it\/index.php?rest_route=\/wp\/v2\/posts"}],"about":[{"href":"https:\/\/www.thereportzone.it\/index.php?rest_route=\/wp\/v2\/types\/post"}],"author":[{"embeddable":true,"href":"https:\/\/www.thereportzone.it\/index.php?rest_route=\/wp\/v2\/users\/2"}],"replies":[{"embeddable":true,"href":"https:\/\/www.thereportzone.it\/index.php?rest_route=%2Fwp%2Fv2%2Fcomments&post=21756"}],"version-history":[{"count":0,"href":"https:\/\/www.thereportzone.it\/index.php?rest_route=\/wp\/v2\/posts\/21756\/revisions"}],"wp:featuredmedia":[{"embeddable":true,"href":"https:\/\/www.thereportzone.it\/index.php?rest_route=\/"}],"wp:attachment":[{"href":"https:\/\/www.thereportzone.it\/index.php?rest_route=%2Fwp%2Fv2%2Fmedia&parent=21756"}],"wp:term":[{"taxonomy":"category","embeddable":true,"href":"https:\/\/www.thereportzone.it\/index.php?rest_route=%2Fwp%2Fv2%2Fcategories&post=21756"},{"taxonomy":"post_tag","embeddable":true,"href":"https:\/\/www.thereportzone.it\/index.php?rest_route=%2Fwp%2Fv2%2Ftags&post=21756"}],"curies":[{"name":"wp","href":"https:\/\/api.w.org\/{rel}","templated":true}]}}