{"id":21727,"date":"2019-01-02T17:42:13","date_gmt":"2019-01-02T16:42:13","guid":{"rendered":"https:\/\/www.thereportzone.it\/?p=21727"},"modified":"2019-01-02T17:42:13","modified_gmt":"2019-01-02T16:42:13","slug":"le-foto-falciano-addio-concetta-centinaia-di-persone-al-funerale-presso-la-chiesa-san-rocco","status":"publish","type":"post","link":"https:\/\/www.thereportzone.it\/?p=21727","title":{"rendered":"LE FOTO FALCIANO &#8211; Addio Concetta: centinaia di persone al funerale presso la Chiesa San Rocco"},"content":{"rendered":"<p>&nbsp;<br \/>\n&nbsp;<br \/>\n&nbsp;<br \/>\n<strong>FALCIANO<\/strong>.\u00a0Addio Concetta: centinaia di persone al funerale presso la Chiesa San Rocco<br \/>\nCentinaia le persone che hanno voluto accompagnare Concetta Salomone nell\u2019estremo saluto, con il rito funebre che si \u00e8 svolto alle ore 16:00 presso la chiesa San Rocco di Falciano del Massico. Un bagno di folla annunciato viste le manifestazione di vicinanza gi\u00e0 espresse nei giorni scorsi dall\u2019intera popolazione falcianese. Parole riprese anche dal parroco Don Valentino Simoniello che ha sottolineato la vicinanza alla famiglia e l\u2019estrema semplicit\u00e0 ed umilt\u00e0, vere e proprie virt\u00f9 della signora Concetta Salomone. Presente al rito funebre anche l\u2019amministrazione comunale e tutti gli amici del giovane figlio di Concetta, Enrico Sarao, oltre alle decine di parenti. Un funerale toccante che \u00e8 entrato nei cuori di chi ne ha preso parte. La salma \u00e8 stata poi trasportata presso il Cimitero San LORENZO, dove sar\u00e0 sepolta. Un giorno triste per l\u2019intera comunit\u00e0. Per questa sera, l\u2019amministrazione comunale e l\u2019associazione Falciano Tutto l\u2019Anno hanno deciso di non accendere le luminarie allestite per la manifestazione del Natale a Falciano del Massico ed ha disposto la chiusura dei mercatini, in segno di rispetto, cordoglio e vicinanza alla famiglia sconvolta dalla tragedia, in attesa che emergano ulteriori dettagli dalle indagini portate avanti dall\u2019arma. Addio Concetta, che la terra ti sia lieve.<br \/>\n<img fetchpriority=\"high\" decoding=\"async\" class=\"size-full wp-image-21728 aligncenter\" src=\"https:\/\/www.thereportzone.it\/wp-content\/uploads\/2019\/01\/2B71CAD2-71B0-482C-A742-07CAE5B0BFF3.jpeg\" alt=\"\" width=\"828\" height=\"607\" \/> <img decoding=\"async\" class=\"size-full wp-image-21729 aligncenter\" src=\"https:\/\/www.thereportzone.it\/wp-content\/uploads\/2019\/01\/D540D0C9-03CE-4CF2-9EFF-8FAB1CF8FCCC.jpeg\" alt=\"\" width=\"828\" height=\"592\" \/> <img decoding=\"async\" class=\"size-full wp-image-21730 aligncenter\" src=\"https:\/\/www.thereportzone.it\/wp-content\/uploads\/2019\/01\/C715F7C1-8497-46E3-A363-DE0E7865905C.jpeg\" alt=\"\" width=\"828\" height=\"567\" \/> <img loading=\"lazy\" decoding=\"async\" class=\"size-full wp-image-21731 aligncenter\" src=\"https:\/\/www.thereportzone.it\/wp-content\/uploads\/2019\/01\/D5480055-2B68-4E8C-8756-E699A0856CBA.jpeg\" alt=\"\" width=\"828\" height=\"641\" \/> <img loading=\"lazy\" decoding=\"async\" class=\"size-full wp-image-21732 aligncenter\" src=\"https:\/\/www.thereportzone.it\/wp-content\/uploads\/2019\/01\/B0B4CF10-E9EE-4FE1-B337-22448A8F509F.jpeg\" alt=\"\" width=\"828\" height=\"768\" \/> <img loading=\"lazy\" decoding=\"async\" class=\"size-full wp-image-21733 aligncenter\" src=\"https:\/\/www.thereportzone.it\/wp-content\/uploads\/2019\/01\/6B785639-D86A-48AF-A5DC-EBF7497C0D49.jpeg\" alt=\"\" width=\"828\" height=\"817\" \/><\/p>\n","protected":false},"excerpt":{"rendered":"<p>&nbsp; &nbsp; &nbsp; FALCIANO.\u00a0Addio Concetta: centinaia di persone al funerale presso la Chiesa San Rocco Centinaia le persone<\/p>\n","protected":false},"author":2,"featured_media":21731,"comment_status":"closed","ping_status":"closed","sticky":false,"template":"","format":"standard","meta":{"sfsi_plus_gutenberg_text_before_share":"","sfsi_plus_gutenberg_show_text_before_share":"","sfsi_plus_gutenberg_icon_type":"","sfsi_plus_gutenberg_icon_alignemt":"","sfsi_plus_gutenburg_max_per_row":"","footnotes":""},"categories":[8,4],"tags":[],"class_list":["post-21727","post","type-post","status-publish","format-standard","has-post-thumbnail","hentry","category-cronaca","category-falciano"],"_links":{"self":[{"href":"https:\/\/www.thereportzone.it\/index.php?rest_route=\/wp\/v2\/posts\/21727"}],"collection":[{"href":"https:\/\/www.thereportzone.it\/index.php?rest_route=\/wp\/v2\/posts"}],"about":[{"href":"https:\/\/www.thereportzone.it\/index.php?rest_route=\/wp\/v2\/types\/post"}],"author":[{"embeddable":true,"href":"https:\/\/www.thereportzone.it\/index.php?rest_route=\/wp\/v2\/users\/2"}],"replies":[{"embeddable":true,"href":"https:\/\/www.thereportzone.it\/index.php?rest_route=%2Fwp%2Fv2%2Fcomments&post=21727"}],"version-history":[{"count":0,"href":"https:\/\/www.thereportzone.it\/index.php?rest_route=\/wp\/v2\/posts\/21727\/revisions"}],"wp:featuredmedia":[{"embeddable":true,"href":"https:\/\/www.thereportzone.it\/index.php?rest_route=\/"}],"wp:attachment":[{"href":"https:\/\/www.thereportzone.it\/index.php?rest_route=%2Fwp%2Fv2%2Fmedia&parent=21727"}],"wp:term":[{"taxonomy":"category","embeddable":true,"href":"https:\/\/www.thereportzone.it\/index.php?rest_route=%2Fwp%2Fv2%2Fcategories&post=21727"},{"taxonomy":"post_tag","embeddable":true,"href":"https:\/\/www.thereportzone.it\/index.php?rest_route=%2Fwp%2Fv2%2Ftags&post=21727"}],"curies":[{"name":"wp","href":"https:\/\/api.w.org\/{rel}","templated":true}]}}