{"id":21702,"date":"2018-12-29T17:33:42","date_gmt":"2018-12-29T16:33:42","guid":{"rendered":"https:\/\/www.thereportzone.it\/?p=21702"},"modified":"2018-12-29T17:33:42","modified_gmt":"2018-12-29T16:33:42","slug":"falciano-polemiche-in-rete-per-la-morte-di-concetta-salomone-ce-chi-strumentalizza","status":"publish","type":"post","link":"https:\/\/www.thereportzone.it\/?p=21702","title":{"rendered":"FALCIANO &#8211; Polemiche in rete per la morte di Concetta Salomone, c\u2019\u00e8 chi strumentalizza"},"content":{"rendered":"<p>&nbsp;<br \/>\n&nbsp;<br \/>\n&nbsp;<br \/>\n<b>FALCIANO<\/b>.\u00a0Poco nobile la polemica che si \u00e8 alzata sui social in merito alla morte della signora Concetta Salomone, morte di cui ancora non si conoscono le cause. Alcuni cittadini, a partire dalla giornata di ieri, hanno indirizzato vere e proprie frecciate all\u2019Associazione Falciano Tutto l\u2019Anno, organizzatrice dell\u2019evento Natale a Falciano del Massico. Frecciate anche poco fini, con accuse nei confronti dei membri che, a dire di pochi cittadini, avrebbero dovuto annullare gli eventi in programma per la giornata di ieri. Agli occhi di molti altri, invece, la polemica \u00e8 sembrata a dir poco sterile. Perch\u00e9 accusare l\u2019associazione di ci\u00f2, quando sono oltre 4 mesi che si prodiga per organizzare un evento utile a tutto il territorio falcianese, e dunque al cittadino stesso? Inoltre, quale sarebbe l\u2019interesse dell\u2019associazione nel mancare di rispetto alla famiglia coinvolta nella drammatico episodio? Tuttavia, qualora si trattasse di omicidio, l\u2019associazione ha gi\u00e0 annunciato, con ferme dichiarazioni, che saranno presi i dovuti provvedimenti. Ci sentiamo di entrare nel merito della vicenda in quanto pensiamo che un popolo propenso ad un maggior flusso turistico, ad un maggior incremento dell\u2019interesse da parte di turisti nei confronti del territorio stesso, debba uscire da un\u2019ottica conservatrice ed intendere il rispetto verso il prossimo non con \u201cgesti dovuti\u201d, ma attraverso ci\u00f2 che veramente \u201csi sente\u201d. Siamo convinti che il rispetto per il dolore di una famiglia, non vada mostrato con gesti convenzionali ma, al contrario, con gesti veri. \u00c8 il modesto parere del nostro staff che fa informazione da anni, che sta seguendo la vicenda e si sta mostrando vicino alla famiglia.<br \/>\nDel resto, gi\u00e0 in passato, altre morti gravi hanno sconvolto il paese di Falciano del Massico, e non per questo, eventi importanti sono stati annullati. Si tratta di \u201cequilibrio del rispetto\u201d: rispettare la tragedia, il dolore di una famiglia, ma allo stesso tempo rispettare i cittadini che magari hanno una maniera diversa di manifestare la propria vicinanza a chi \u00e8 colpito da disgrazie. Condividiamo in pieno il messaggio pubblicato stamane dall\u2019associazione, messaggio che vi riproponiamo qui di seguito: \u201cL\u2019associazione Falciano Tutto l\u2019Anno mostra vicinanza alla famiglia Salomone\/Sarao per la scomparsa della signora Concetta. Prima di essere membri di un\u2019associazione siamo cittadini Falcianesi e, pertanto, ci sentiamo coinvolti nella tragedia che ha colpito la famiglia e sconvolto l\u2019intero paese.<br \/>\nPoich\u00e9 al momento non si conoscono ancora le cause del decesso della signora, e quindi non sappiamo se il decesso \u00e8 dovuto ad una morte violenta, o a una semplice fatalit\u00e0 o malattia, \u00e8 chiaro che al momento non possiamo, come Associazione, prendere alcuna decisione. Nel momento in cui si dovesse accertare, e ci auguriamo di no, che il decesso sia dovuto ad un atto violento di persone terze, l\u2019associazione non solo provveder\u00e0 a prendere le dovute decisioni, ma si prodigher\u00e0 anche per denunciare con forza l\u2019accaduto.<br \/>\nPurtroppo tragedie del genere non vorremmo mai sentirle n\u00e9 viverle. Ribadiamo il nostro cordoglio alla famiglia Salomone\/Sarao, con lo stesso spirito di vicinanza che ogni membro di questa associazione mostra quotidianamente nei confronti del prossimo e del concittadino falcianese. Siamo vicini a loro con il cuore\u201d.<\/p>\n","protected":false},"excerpt":{"rendered":"<p>&nbsp; &nbsp; &nbsp; FALCIANO.\u00a0Poco nobile la polemica che si \u00e8 alzata sui social in merito alla morte della<\/p>\n","protected":false},"author":2,"featured_media":10611,"comment_status":"closed","ping_status":"closed","sticky":false,"template":"","format":"standard","meta":{"sfsi_plus_gutenberg_text_before_share":"","sfsi_plus_gutenberg_show_text_before_share":"","sfsi_plus_gutenberg_icon_type":"","sfsi_plus_gutenberg_icon_alignemt":"","sfsi_plus_gutenburg_max_per_row":"","footnotes":""},"categories":[8,4,9],"tags":[],"class_list":["post-21702","post","type-post","status-publish","format-standard","has-post-thumbnail","hentry","category-cronaca","category-falciano","category-politica"],"_links":{"self":[{"href":"https:\/\/www.thereportzone.it\/index.php?rest_route=\/wp\/v2\/posts\/21702"}],"collection":[{"href":"https:\/\/www.thereportzone.it\/index.php?rest_route=\/wp\/v2\/posts"}],"about":[{"href":"https:\/\/www.thereportzone.it\/index.php?rest_route=\/wp\/v2\/types\/post"}],"author":[{"embeddable":true,"href":"https:\/\/www.thereportzone.it\/index.php?rest_route=\/wp\/v2\/users\/2"}],"replies":[{"embeddable":true,"href":"https:\/\/www.thereportzone.it\/index.php?rest_route=%2Fwp%2Fv2%2Fcomments&post=21702"}],"version-history":[{"count":0,"href":"https:\/\/www.thereportzone.it\/index.php?rest_route=\/wp\/v2\/posts\/21702\/revisions"}],"wp:featuredmedia":[{"embeddable":true,"href":"https:\/\/www.thereportzone.it\/index.php?rest_route=\/"}],"wp:attachment":[{"href":"https:\/\/www.thereportzone.it\/index.php?rest_route=%2Fwp%2Fv2%2Fmedia&parent=21702"}],"wp:term":[{"taxonomy":"category","embeddable":true,"href":"https:\/\/www.thereportzone.it\/index.php?rest_route=%2Fwp%2Fv2%2Fcategories&post=21702"},{"taxonomy":"post_tag","embeddable":true,"href":"https:\/\/www.thereportzone.it\/index.php?rest_route=%2Fwp%2Fv2%2Ftags&post=21702"}],"curies":[{"name":"wp","href":"https:\/\/api.w.org\/{rel}","templated":true}]}}