{"id":21681,"date":"2018-12-27T16:41:19","date_gmt":"2018-12-27T15:41:19","guid":{"rendered":"https:\/\/www.thereportzone.it\/?p=21681"},"modified":"2018-12-27T16:41:19","modified_gmt":"2018-12-27T15:41:19","slug":"la-bellissima-storia-di-giovanni-morrone-per-gli-amici-pato-giochera-nella-nazionale-pallavolo-sordi","status":"publish","type":"post","link":"https:\/\/www.thereportzone.it\/?p=21681","title":{"rendered":"La bellissima storia di Giovanni Morrone, per gli amici Pato: giocher\u00e0 nella Nazionale di Pallavolo Sordi"},"content":{"rendered":"<p>&nbsp;<br \/>\n&nbsp;<br \/>\n&nbsp;<br \/>\n&nbsp;<br \/>\n<figure id=\"attachment_21682\" aria-describedby=\"caption-attachment-21682\" style=\"width: 960px\" class=\"wp-caption aligncenter\"><img fetchpriority=\"high\" decoding=\"async\" class=\"wp-image-21682 size-full\" src=\"https:\/\/www.thereportzone.it\/wp-content\/uploads\/2018\/12\/48426223_198399577781985_1148365712536895488_n.jpg\" alt=\"\" width=\"960\" height=\"720\" \/><figcaption id=\"caption-attachment-21682\" class=\"wp-caption-text\"><em><strong>Nella Foto qui sopra: Giovanni Morrone (PATO) in uno dei tornei estivi con gli amici di Falciano del Massico<\/strong> &#8211;<\/em>\u00a0<strong style=\"font-size: 16px;\">CULTURA<\/strong><span style=\"font-size: 16px;\">. Ogni giovane amante dello sport, che abita a Falciano del Massico, conosce<\/span><em style=\"font-size: 16px;\"><strong> Giovanni Morrone<\/strong><\/em><span style=\"font-size: 16px;\">, per gli amici <\/span><em style=\"font-size: 16px;\"><strong>Pato<\/strong><\/em><span style=\"font-size: 16px;\">. E&#8217; qui che Pato viene in vacanza, non soltanto per il legame con i parenti che abitano in questo territorio, ma anche per la forte amicizia che lo lega a tantissime persone del posto. Lo si vede, d&#8217;estate, partecipare a diversi tornei di pallavolo o beach volley, sempre nelle vesti del fuoriclasse che ognuno vorrebbe in squadra. Ebbene, la sua forte passione per la pallavolo, la sua eleganza, il suo immenso impegno per questo sport, alla fine lo hanno premiato: Giovanni Morrone, attualmente centrale della Spezzanese, \u00e8 stato convocato nella<\/span><em style=\"font-size: 16px;\"> Nazionale di Pallavolo\u00a0<\/em><em style=\"font-size: 16px;\">Sordi<\/em><span style=\"font-size: 16px;\">. Un traguardo importante, che ogni atleta vorrebbe raggiungere. E, in effetti, anche da parte della sua squadra,\u00a0la Spezzanese,\u00a0 stata espressa grande soddisfazione per la convocazione di Giovanni, chiamato per il\u00a0<\/span><span style=\"font-size: 16px;\">primo collegiale della Nazionale Italiana di Pallavolo Sordi che si svolger\u00e0 dal 28 al 30 dicembre a L\u2019Aquila. Dalla nascita Giovanni ha una ipoacusia bilaterale di tipo neurosensoriale e, perci\u00f2, porta gli apparecchi acustici. L&#8217;amore per la pallavolo inizia gi\u00e0 all&#8217;et\u00e0 di 10 anni, quando inizia a giocare\u00a0nella S. di P. Serramazzoni, dove rimane per 14 anni. A partire dallo scorso anno, invece, ha iniziato a giocare con la Spezzanese, raggiungendo anche qui traguardi importanti come la finale di Coppa Emilia e le semifinali Playoff di Serie C.\u00a0Giovanni ha gi\u00e0 esordito con la maglia dell\u2019Italia in occasione di un\u2019amichevole contro la Francia giocata a Cannes lo scorso giugno. La Nazionale di Pallavolo Sordi fa parte della FSSI (Federazione Sport Sordi Italia). La FSSI \u00e8 affiliata al Comitato Italiano Paralimpico ma la Nazionale di Pallavolo non \u00e8 ancora stata riconosciuta dalla FIPAV. Pato, scopre quasi per caso l&#8217;esistenza della Nazionale Pallavolo Sordi, cio\u00e8 attraverso la straordinaria impresa della Nazionale di Pallavolo Sorde femminile che conquista la medaglia d\u2019argento alle Deaflympics di Samsun (Turchia). Da quel momento si mette alla ricerca dei contatti necessari per conoscere a fondo questa realt\u00e0, intercettando Marco Sabbatini, il direttore tecnico della nazionale maschile di pallavolo. Queste le dichiarazioni che Giovanni ha rilasciato ad un giornalista per un articolo su Il Resto del Carlino: &#8220;<\/span><em style=\"font-size: 16px;\">\u00c8 stata una scoperta bella e inaspettata. &#8211; dice Giovanni &#8211; Il direttore tecnico mi ha detto che si fa fatica a trovare nuovi giocatori ed \u00e8 stato molto contento di ricevere la mia chiamata. L\u2019esordio in Francia \u00e8 stato veramente emozionante, specialmente l\u2019inno non \u201ccantato\u201d con la Lingua dei Segni.\u00a0La possibilit\u00e0 di partecipare ad competizioni internazionali con la maglia dell\u2019Italia e di competere con nazionali di altissimo livello \u00e8 per me motivo di grande orgoglio. Il mio sogno \u00e8 di partecipare alle Deaflympics e magari portare a casa una medaglia&#8221;<\/em><span style=\"font-size: 16px;\">. Giovanni\u00a0si \u00e8 laureato con il massimo dei voti in Ingegneria Informatica e\u00a0<\/span><span style=\"font-size: 16px;\">attualmente sta facendo un dottorato di ricerca in ICT, in cui si sta occupando di intelligenza\u00a0<\/span><span style=\"font-size: 16px;\">artificiale applicata al riconoscimento delle voci in ambienti estremamente complessi: \u201c<\/span><em style=\"font-size: 16px;\">La tecnologia ha fatto passi da gigante negli ultimi anni. Anche la vita e il modo di comunicare di noi sordi sono cambiati radicalmente grazie agli smartphone e protesi acustiche sempre pi\u00f9 intelligenti. Ma c\u2019\u00e8 ancora tanto che si pu\u00f2 e si deve fare. La ricerca si sta orientando su problemi sempre pi\u00f9 difficili per cercare di migliorare sempre pi\u00f9 il nostro stile di vita: io\u00a0<\/em><em style=\"font-size: 16px;\">spero di riuscire a dare il mio piccolo contributo.<\/em><span style=\"font-size: 16px;\">\u201d Insomma, la bellissima storia di Giovanni rappresenta un vero e proprio motivo di orgoglio per tutti i suoi amici falcianesi, del resto non capita tutti i giorni di giocare con la maglia della nazionale. Una cosa \u00e8 certa: Pato potr\u00e0 godere di un grosso numero di tifosi\u00a0 che si estende da Nord a Sud.<\/span><\/figcaption><\/figure><br \/>\n<figure id=\"attachment_21683\" aria-describedby=\"caption-attachment-21683\" style=\"width: 587px\" class=\"wp-caption aligncenter\"><img decoding=\"async\" class=\"wp-image-21683 size-full\" src=\"https:\/\/www.thereportzone.it\/wp-content\/uploads\/2018\/12\/48926470_373271526764100_5136731008560791552_n.jpg\" alt=\"\" width=\"587\" height=\"960\" \/><figcaption id=\"caption-attachment-21683\" class=\"wp-caption-text\">Giovanni Morrone, centrale della Spezzanese<\/figcaption><\/figure><\/p>\n","protected":false},"excerpt":{"rendered":"<p>&nbsp; &nbsp; &nbsp; &nbsp;<\/p>\n","protected":false},"author":2,"featured_media":21684,"comment_status":"closed","ping_status":"closed","sticky":false,"template":"","format":"standard","meta":{"sfsi_plus_gutenberg_text_before_share":"","sfsi_plus_gutenberg_show_text_before_share":"","sfsi_plus_gutenberg_icon_type":"","sfsi_plus_gutenberg_icon_alignemt":"","sfsi_plus_gutenburg_max_per_row":"","footnotes":""},"categories":[4,3446],"tags":[],"class_list":["post-21681","post","type-post","status-publish","format-standard","has-post-thumbnail","hentry","category-falciano","category-sport-2"],"_links":{"self":[{"href":"https:\/\/www.thereportzone.it\/index.php?rest_route=\/wp\/v2\/posts\/21681"}],"collection":[{"href":"https:\/\/www.thereportzone.it\/index.php?rest_route=\/wp\/v2\/posts"}],"about":[{"href":"https:\/\/www.thereportzone.it\/index.php?rest_route=\/wp\/v2\/types\/post"}],"author":[{"embeddable":true,"href":"https:\/\/www.thereportzone.it\/index.php?rest_route=\/wp\/v2\/users\/2"}],"replies":[{"embeddable":true,"href":"https:\/\/www.thereportzone.it\/index.php?rest_route=%2Fwp%2Fv2%2Fcomments&post=21681"}],"version-history":[{"count":0,"href":"https:\/\/www.thereportzone.it\/index.php?rest_route=\/wp\/v2\/posts\/21681\/revisions"}],"wp:featuredmedia":[{"embeddable":true,"href":"https:\/\/www.thereportzone.it\/index.php?rest_route=\/"}],"wp:attachment":[{"href":"https:\/\/www.thereportzone.it\/index.php?rest_route=%2Fwp%2Fv2%2Fmedia&parent=21681"}],"wp:term":[{"taxonomy":"category","embeddable":true,"href":"https:\/\/www.thereportzone.it\/index.php?rest_route=%2Fwp%2Fv2%2Fcategories&post=21681"},{"taxonomy":"post_tag","embeddable":true,"href":"https:\/\/www.thereportzone.it\/index.php?rest_route=%2Fwp%2Fv2%2Ftags&post=21681"}],"curies":[{"name":"wp","href":"https:\/\/api.w.org\/{rel}","templated":true}]}}