{"id":21634,"date":"2018-12-20T14:22:18","date_gmt":"2018-12-20T13:22:18","guid":{"rendered":"https:\/\/www.thereportzone.it\/?p=21634"},"modified":"2018-12-20T14:22:18","modified_gmt":"2018-12-20T13:22:18","slug":"falciano-bene-comune-annuncia-una-conferenza-stampa","status":"publish","type":"post","link":"https:\/\/www.thereportzone.it\/?p=21634","title":{"rendered":"FALCIANO BENE COMUNE ANNUNCIA UNA CONFERENZA STAMPA"},"content":{"rendered":"<p>&nbsp;<br \/>\n&nbsp;<br \/>\n&nbsp;<br \/>\n<b>FALCIANO<\/b>. L\u2019amministrazione comunale <b>Falciano<\/b> <b>Bene<\/b> <b>Comune<\/b>, guidata dal sindaco Ing. <b>Giovanni<\/b> <b>Erasmo<\/b> <b>Fava<\/b>, annuncia una conferenza stampa che si terr\u00e0 subito dopo le festivit\u00e0 natalizie. Si discuter\u00e0 di una serie di problematiche locali e saranno messe in chiaro diverse vicende che sono avvenute nell\u2019ultimo periodo nell\u2019ambito della vita amministrativa della stessa Falciano Bene Comune. A tal proposito, l\u2019amministrazione in carica, fa sapere: \u201cIntendiamo stemperare polemiche sterili di qualche personaggio locale che tutto d\u2019un tratto si \u00e8 eretto a paladino della giustizia. Durante la conferenza saranno affrontati punti precisi, con dati alla mano, si parler\u00e0 di una serie di questioni compreso il tanto famigerato progetto del cimitero\u201d. Non resta che attendere, dunque, la data ufficiale in cui sar\u00e0 indetta la conferenza stampa.<\/p>\n","protected":false},"excerpt":{"rendered":"<p>&nbsp; &nbsp; &nbsp; FALCIANO. L\u2019amministrazione comunale Falciano Bene Comune, guidata dal sindaco Ing. Giovanni Erasmo Fava, annuncia una<\/p>\n","protected":false},"author":2,"featured_media":21226,"comment_status":"closed","ping_status":"closed","sticky":false,"template":"","format":"standard","meta":{"sfsi_plus_gutenberg_text_before_share":"","sfsi_plus_gutenberg_show_text_before_share":"","sfsi_plus_gutenberg_icon_type":"","sfsi_plus_gutenberg_icon_alignemt":"","sfsi_plus_gutenburg_max_per_row":"","footnotes":""},"categories":[4,9],"tags":[],"class_list":["post-21634","post","type-post","status-publish","format-standard","has-post-thumbnail","hentry","category-falciano","category-politica"],"_links":{"self":[{"href":"https:\/\/www.thereportzone.it\/index.php?rest_route=\/wp\/v2\/posts\/21634"}],"collection":[{"href":"https:\/\/www.thereportzone.it\/index.php?rest_route=\/wp\/v2\/posts"}],"about":[{"href":"https:\/\/www.thereportzone.it\/index.php?rest_route=\/wp\/v2\/types\/post"}],"author":[{"embeddable":true,"href":"https:\/\/www.thereportzone.it\/index.php?rest_route=\/wp\/v2\/users\/2"}],"replies":[{"embeddable":true,"href":"https:\/\/www.thereportzone.it\/index.php?rest_route=%2Fwp%2Fv2%2Fcomments&post=21634"}],"version-history":[{"count":0,"href":"https:\/\/www.thereportzone.it\/index.php?rest_route=\/wp\/v2\/posts\/21634\/revisions"}],"wp:featuredmedia":[{"embeddable":true,"href":"https:\/\/www.thereportzone.it\/index.php?rest_route=\/"}],"wp:attachment":[{"href":"https:\/\/www.thereportzone.it\/index.php?rest_route=%2Fwp%2Fv2%2Fmedia&parent=21634"}],"wp:term":[{"taxonomy":"category","embeddable":true,"href":"https:\/\/www.thereportzone.it\/index.php?rest_route=%2Fwp%2Fv2%2Fcategories&post=21634"},{"taxonomy":"post_tag","embeddable":true,"href":"https:\/\/www.thereportzone.it\/index.php?rest_route=%2Fwp%2Fv2%2Ftags&post=21634"}],"curies":[{"name":"wp","href":"https:\/\/api.w.org\/{rel}","templated":true}]}}