{"id":21549,"date":"2018-12-14T11:40:36","date_gmt":"2018-12-14T10:40:36","guid":{"rendered":"https:\/\/www.thereportzone.it\/?p=21549"},"modified":"2018-12-14T11:40:36","modified_gmt":"2018-12-14T10:40:36","slug":"unite-progres-justice-a-casal-di-principe-la-giornata-dellindipendenza-del-burkina-faso-sabato-15-dicembre-ore-1530-teatro-della-legalita","status":"publish","type":"post","link":"https:\/\/www.thereportzone.it\/?p=21549","title":{"rendered":"\u201cUNIT\u00c8, PROGR\u00c8S, JUSTICE\u201d: A CASAL DI PRINCIPE LA GIORNATA DELL\u2019INDIPENDENZA DEL BURKINA FASO \u2013 Sabato 15 dicembre ore 15:30 \u2013 Teatro della Legalit\u00e0"},"content":{"rendered":"<p>&nbsp;<br \/>\n&nbsp;<br \/>\n&nbsp;<br \/>\n&nbsp;<br \/>\n<strong><span data-originalfontsize=\"14pt\" data-originalcomputedfontsize=\"18.66666603088379\">\u201cUNIT\u00c8, PROGR\u00c8S, JUSTICE\u201d: A CASAL DI PRINCIPE LA GIORNATA DELL\u2019INDIPENDENZA DEL BURKINA FASO \u2013 Sabato 15 dicembre ore 15:30 \u2013 Teatro della Legalit\u00e0.<\/span><\/strong><strong>\u00a0<\/strong><br \/>\n<strong><span data-originalfontsize=\"14pt\" data-originalcomputedfontsize=\"18.66666603088379\">\u201cUnit\u00e8, progr\u00e8s, justice\u201d<\/span><\/strong><span data-originalfontsize=\"14pt\" data-originalcomputedfontsize=\"18.66666603088379\">: \u00e8 questo il titolo scelto per celebrare la giornata dell\u2019indipendenza del Burkina Faso, appuntamento ormai consolidato per la folta comunit\u00e0 di cittadini del Paese africano residenti in provincia di Caserta, che si terr\u00e0 <strong data-removefontsize=\"true\" data-originalcomputedfontsize=\"18.66666603088379\">domani alle 15:30\u00a0 al Teatro della Legalit\u00e0 di Casal di Principe<\/strong>.<\/span><br \/>\n<span data-originalfontsize=\"14pt\" data-originalcomputedfontsize=\"18.66666603088379\">Promossa dal Comune di Casal di Principe, dall\u2019Ambasciata in Italia del Burkina Faso, dalla Cgil e dalla Flai Cgil di Caserta e dall\u2019associaziona Faso Zekola, l\u2019iniziativa si pone come momento di confronto e proposta per consolidare sempre i pi\u00f9 i rapporti tra istituzioni, sindacati e la comunit\u00e0 burkinab\u00e9 impiegata principalmente in agricoltura.<\/span><br \/>\n<span data-originalfontsize=\"14pt\" data-originalcomputedfontsize=\"18.66666603088379\">All\u2019iniziativa partecipano l\u2019ambasciatore del Burkina Faso in Italia, <\/span><strong><span data-originalfontsize=\"14pt\" data-originalcomputedfontsize=\"18.66666603088379\">Jos\u00e8phine Ouedraogo, <\/span><\/strong><span data-originalfontsize=\"14pt\" data-originalcomputedfontsize=\"18.66666603088379\">l\u2019ambasciatore del Burkina Faso presso la Santa Sede, <strong data-removefontsize=\"true\" data-originalcomputedfontsize=\"18.66666603088379\">Robert Compaore<\/strong>, il sindaco di Casal di Principe, <strong data-removefontsize=\"true\" data-originalcomputedfontsize=\"18.66666603088379\">Renato Natale<\/strong>, il presidente ed il delegato per Campania, Basilicata e Puglia dell\u2019associazione <strong data-removefontsize=\"true\" data-originalcomputedfontsize=\"18.66666603088379\">Faso Zekola<\/strong>, <strong data-removefontsize=\"true\" data-originalcomputedfontsize=\"18.66666603088379\">Josue Zinzonni<\/strong> e <strong data-removefontsize=\"true\" data-originalcomputedfontsize=\"18.66666603088379\">J\u00e9rome Coulidati<\/strong>, il segretario generale della Cgil Caserta, <strong data-removefontsize=\"true\" data-originalcomputedfontsize=\"18.66666603088379\">Matteo Coppola<\/strong> ed la segretaria generale della Flai Cgil Nazionale, <strong data-removefontsize=\"true\" data-originalcomputedfontsize=\"18.66666603088379\">Ivana Galli<\/strong>. <\/span><br \/>\n<span data-originalfontsize=\"14pt\" data-originalcomputedfontsize=\"18.66666603088379\">\u201cDa anni la Flai Caserta \u2013 ha affermato il segretario generale della <strong data-removefontsize=\"true\" data-originalcomputedfontsize=\"18.66666603088379\">Flai Cgil Caserta<\/strong>, <strong data-removefontsize=\"true\" data-originalcomputedfontsize=\"18.66666603088379\">Igor Prata<\/strong> \u2013 porta avanti un\u2019intensa collaborazione con la comunit\u00e0 del Burkina Faso presente in Campania ed in particolare nell\u2019aversano, rafforzando la sinergia con la comunit\u00e0 locale e le istituzioni, dando disponibilit\u00e0 di insediamento e tutela della cittadinanza, oltre che assistenza e diritti sul piano occupazionale. Il nostro impegno \u2013 ha concluso Prata \u2013 \u00e8 quello di arrivare ad un protocollo territoriale condiviso che crei, attraverso i nostri servizi, un ponte con le istituzioni dando delle esigenze burocratiche di queste persone, offrendo sempre pi\u00f9 una tutela individuale e collettiva ai cittadini e lavoratori della comunit\u00e0 del Burkina Faso\u201d.<\/span><\/p>\n","protected":false},"excerpt":{"rendered":"<p>&nbsp; &nbsp; &nbsp; &nbsp; \u201cUNIT\u00c8, PROGR\u00c8S, JUSTICE\u201d: A CASAL DI PRINCIPE LA GIORNATA DELL\u2019INDIPENDENZA DEL BURKINA FASO \u2013<\/p>\n","protected":false},"author":2,"featured_media":21550,"comment_status":"closed","ping_status":"closed","sticky":false,"template":"","format":"standard","meta":{"sfsi_plus_gutenberg_text_before_share":"","sfsi_plus_gutenberg_show_text_before_share":"","sfsi_plus_gutenberg_icon_type":"","sfsi_plus_gutenberg_icon_alignemt":"","sfsi_plus_gutenburg_max_per_row":"","footnotes":""},"categories":[2942,6,9],"tags":[],"class_list":["post-21549","post","type-post","status-publish","format-standard","has-post-thumbnail","hentry","category-agro-aversano","category-caserta","category-politica"],"_links":{"self":[{"href":"https:\/\/www.thereportzone.it\/index.php?rest_route=\/wp\/v2\/posts\/21549"}],"collection":[{"href":"https:\/\/www.thereportzone.it\/index.php?rest_route=\/wp\/v2\/posts"}],"about":[{"href":"https:\/\/www.thereportzone.it\/index.php?rest_route=\/wp\/v2\/types\/post"}],"author":[{"embeddable":true,"href":"https:\/\/www.thereportzone.it\/index.php?rest_route=\/wp\/v2\/users\/2"}],"replies":[{"embeddable":true,"href":"https:\/\/www.thereportzone.it\/index.php?rest_route=%2Fwp%2Fv2%2Fcomments&post=21549"}],"version-history":[{"count":0,"href":"https:\/\/www.thereportzone.it\/index.php?rest_route=\/wp\/v2\/posts\/21549\/revisions"}],"wp:featuredmedia":[{"embeddable":true,"href":"https:\/\/www.thereportzone.it\/index.php?rest_route=\/"}],"wp:attachment":[{"href":"https:\/\/www.thereportzone.it\/index.php?rest_route=%2Fwp%2Fv2%2Fmedia&parent=21549"}],"wp:term":[{"taxonomy":"category","embeddable":true,"href":"https:\/\/www.thereportzone.it\/index.php?rest_route=%2Fwp%2Fv2%2Fcategories&post=21549"},{"taxonomy":"post_tag","embeddable":true,"href":"https:\/\/www.thereportzone.it\/index.php?rest_route=%2Fwp%2Fv2%2Ftags&post=21549"}],"curies":[{"name":"wp","href":"https:\/\/api.w.org\/{rel}","templated":true}]}}