{"id":21331,"date":"2018-11-26T10:42:45","date_gmt":"2018-11-26T09:42:45","guid":{"rendered":"https:\/\/www.thereportzone.it\/?p=21331"},"modified":"2018-11-26T10:42:45","modified_gmt":"2018-11-26T09:42:45","slug":"violenza-contro-le-donne-e-pari-opportunita-parla-lassessore-antonietta-rucco","status":"publish","type":"post","link":"https:\/\/www.thereportzone.it\/?p=21331","title":{"rendered":"Violenza contro le Donne e Pari Opportunit\u00e0, parla l&#8217;assessore Antonietta Rucco"},"content":{"rendered":"<p>&nbsp;<br \/>\n&nbsp;<br \/>\n&nbsp;<br \/>\n<strong>FALCIANO<\/strong>. Giornata contro la Violenza sulle Donne, ecco le parole dell&#8217;assessore <strong>Antonietta Rucco<\/strong>: &#8220;Ieri,25 novembre, giornata dedicata alla lotta contro il femminicidio e contro ogni violenza di genere, non sono uscita con proclami, articoli o altro, perch\u00e9 ritengo che di parole se ne siano state dette anche troppe. 141 donne, dall&#8217;inizio dell&#8217;anno, sono state uccise, con una escalation terribile degli ultimi mesi. Credo che sia tempo di forgiare le coscienze armandoci di interventi concreti e incisivi. Rieducare al rispetto, alla capacit\u00e0 di rapportarsi ad individui diversi per genere, per formazione culturale, religiosa, politica, di razza e tradizioni. \u00c8 necessario che si apporti una piccola RIVOLUZIONE CULTURALE che coinvolga famiglie, scuole, politica. L&#8217;amministrazione Falciano Bene Comune, in assoluta umilt\u00e0, prova a fare questo con IL CAFF\u00c8 LETTERARIO. Vi invitiamo, in collaborazione con la Commissione Pari Opportunit\u00e0, a non mancare all&#8217;ultimo appuntamento per questo mese, gioved\u00ec 29 novembre, Falciano del Massico, in piazza Limata, presso Madness Lounge Bar&#8221;. Un appuntamento imperdibile con la presenza di figure importanti quali:\u00a0<strong>Nadia Verdile, Lidia Luberto<\/strong>, relatori <strong>Antonio Corribolo<\/strong>, presidente Ass. Matilde Serao e Prof. <strong>Giuseppe Toscano<\/strong>, scrittore Come moderatrice assunta per le Pari Opportunit\u00e0, assessore alle politiche sociali, Antonietta Rucco.<\/p>\n","protected":false},"excerpt":{"rendered":"<p>&nbsp; &nbsp; &nbsp; FALCIANO. Giornata contro la Violenza sulle Donne, ecco le parole dell&#8217;assessore Antonietta Rucco: &#8220;Ieri,25 novembre,<\/p>\n","protected":false},"author":2,"featured_media":21292,"comment_status":"closed","ping_status":"closed","sticky":false,"template":"","format":"standard","meta":{"sfsi_plus_gutenberg_text_before_share":"","sfsi_plus_gutenberg_show_text_before_share":"","sfsi_plus_gutenberg_icon_type":"","sfsi_plus_gutenberg_icon_alignemt":"","sfsi_plus_gutenburg_max_per_row":"","footnotes":""},"categories":[10,4],"tags":[],"class_list":["post-21331","post","type-post","status-publish","format-standard","has-post-thumbnail","hentry","category-cultura","category-falciano"],"_links":{"self":[{"href":"https:\/\/www.thereportzone.it\/index.php?rest_route=\/wp\/v2\/posts\/21331"}],"collection":[{"href":"https:\/\/www.thereportzone.it\/index.php?rest_route=\/wp\/v2\/posts"}],"about":[{"href":"https:\/\/www.thereportzone.it\/index.php?rest_route=\/wp\/v2\/types\/post"}],"author":[{"embeddable":true,"href":"https:\/\/www.thereportzone.it\/index.php?rest_route=\/wp\/v2\/users\/2"}],"replies":[{"embeddable":true,"href":"https:\/\/www.thereportzone.it\/index.php?rest_route=%2Fwp%2Fv2%2Fcomments&post=21331"}],"version-history":[{"count":0,"href":"https:\/\/www.thereportzone.it\/index.php?rest_route=\/wp\/v2\/posts\/21331\/revisions"}],"wp:featuredmedia":[{"embeddable":true,"href":"https:\/\/www.thereportzone.it\/index.php?rest_route=\/"}],"wp:attachment":[{"href":"https:\/\/www.thereportzone.it\/index.php?rest_route=%2Fwp%2Fv2%2Fmedia&parent=21331"}],"wp:term":[{"taxonomy":"category","embeddable":true,"href":"https:\/\/www.thereportzone.it\/index.php?rest_route=%2Fwp%2Fv2%2Fcategories&post=21331"},{"taxonomy":"post_tag","embeddable":true,"href":"https:\/\/www.thereportzone.it\/index.php?rest_route=%2Fwp%2Fv2%2Ftags&post=21331"}],"curies":[{"name":"wp","href":"https:\/\/api.w.org\/{rel}","templated":true}]}}