{"id":21121,"date":"2018-11-05T10:37:21","date_gmt":"2018-11-05T09:37:21","guid":{"rendered":"https:\/\/www.thereportzone.it\/?p=21121"},"modified":"2018-11-05T10:37:21","modified_gmt":"2018-11-05T09:37:21","slug":"falciano-al-via-il-mese-dedicato-alla-riflessione-sul-femminicidio-parla-lassessore-antonietta-rucco","status":"publish","type":"post","link":"https:\/\/www.thereportzone.it\/?p=21121","title":{"rendered":"FALCIANO &#8211; Al via il mese dedicato alla riflessione sul femminicidio: parla l&#8217;Assessore Antonietta Rucco"},"content":{"rendered":"<p>&nbsp;<br \/>\n&nbsp;<br \/>\n&nbsp;<br \/>\n<figure id=\"attachment_21123\" aria-describedby=\"caption-attachment-21123\" style=\"width: 1138px\" class=\"wp-caption aligncenter\"><img fetchpriority=\"high\" decoding=\"async\" class=\"size-full wp-image-21123\" src=\"https:\/\/www.thereportzone.it\/wp-content\/uploads\/2018\/11\/31914032_570628199986444_3062009028587552768_o.jpg\" alt=\"\" width=\"1138\" height=\"720\" \/><figcaption id=\"caption-attachment-21123\" class=\"wp-caption-text\">Commissione Pari Opportunit\u00e0<\/figcaption><\/figure><br \/>\n<strong>FALCIANO<\/strong>. &#8220;Il mese di Novembre \u00e8 per antonomasia il tempo dedicato alla riflessione sul femminicidio e, in generale, sui problemi di genere. L&#8217;amministazione comunale in collaborazione con la Commissione Pari Opportunit\u00e0 organizzer\u00e0 momenti di lettura e riflessione sull&#8217;argomento e un cineforum in luoghi pubblici denominato: Caff\u00e8 Letterario. Avremo ospiti di riguardo e il 25 Novembre depositeremo un fascio di fiori sulla panchina rossa posta nella villa comunale. In collaborazione con il plesso scolastico, abbiamo chiesto agli scolari e studenti di preparare manufatti sull&#8217;argomento e per i migliori verranno assegnate tre borse di studio. A breve saranno affissi manifesti e consegnati inviti. Siamo convinti che la sensibilizzazione debba partire dalle scuole primarie e che la cultura debba uscire dai luoghi deputati per scendere per le vie e le piazze&#8221;. <strong><em>Assessore Antonietta Rucco<\/em><\/strong><\/p>\n","protected":false},"excerpt":{"rendered":"<p>&nbsp; &nbsp; &nbsp; FALCIANO. &#8220;Il mese di Novembre \u00e8 per antonomasia il tempo dedicato alla riflessione sul femminicidio<\/p>\n","protected":false},"author":2,"featured_media":21122,"comment_status":"closed","ping_status":"closed","sticky":false,"template":"","format":"standard","meta":{"sfsi_plus_gutenberg_text_before_share":"","sfsi_plus_gutenberg_show_text_before_share":"","sfsi_plus_gutenberg_icon_type":"","sfsi_plus_gutenberg_icon_alignemt":"","sfsi_plus_gutenburg_max_per_row":"","footnotes":""},"categories":[10,4,9],"tags":[],"class_list":["post-21121","post","type-post","status-publish","format-standard","has-post-thumbnail","hentry","category-cultura","category-falciano","category-politica"],"_links":{"self":[{"href":"https:\/\/www.thereportzone.it\/index.php?rest_route=\/wp\/v2\/posts\/21121"}],"collection":[{"href":"https:\/\/www.thereportzone.it\/index.php?rest_route=\/wp\/v2\/posts"}],"about":[{"href":"https:\/\/www.thereportzone.it\/index.php?rest_route=\/wp\/v2\/types\/post"}],"author":[{"embeddable":true,"href":"https:\/\/www.thereportzone.it\/index.php?rest_route=\/wp\/v2\/users\/2"}],"replies":[{"embeddable":true,"href":"https:\/\/www.thereportzone.it\/index.php?rest_route=%2Fwp%2Fv2%2Fcomments&post=21121"}],"version-history":[{"count":0,"href":"https:\/\/www.thereportzone.it\/index.php?rest_route=\/wp\/v2\/posts\/21121\/revisions"}],"wp:featuredmedia":[{"embeddable":true,"href":"https:\/\/www.thereportzone.it\/index.php?rest_route=\/"}],"wp:attachment":[{"href":"https:\/\/www.thereportzone.it\/index.php?rest_route=%2Fwp%2Fv2%2Fmedia&parent=21121"}],"wp:term":[{"taxonomy":"category","embeddable":true,"href":"https:\/\/www.thereportzone.it\/index.php?rest_route=%2Fwp%2Fv2%2Fcategories&post=21121"},{"taxonomy":"post_tag","embeddable":true,"href":"https:\/\/www.thereportzone.it\/index.php?rest_route=%2Fwp%2Fv2%2Ftags&post=21121"}],"curies":[{"name":"wp","href":"https:\/\/api.w.org\/{rel}","templated":true}]}}