{"id":20837,"date":"2018-10-15T16:26:56","date_gmt":"2018-10-15T14:26:56","guid":{"rendered":"https:\/\/www.thereportzone.it\/?p=20837"},"modified":"2018-10-15T16:26:56","modified_gmt":"2018-10-15T14:26:56","slug":"congresso-flai-cgil-caserta-igor-prata-eletto-segretario-generale","status":"publish","type":"post","link":"https:\/\/www.thereportzone.it\/?p=20837","title":{"rendered":"CONGRESSO FLAI CGIL CASERTA: IGOR PRATA ELETTO SEGRETARIO GENERALE"},"content":{"rendered":"<p>&nbsp;<br \/>\n&nbsp;<br \/>\n<strong>CONGRESSO FLAI CGIL CASERTA: IGOR PRATA ELETTO SEGRETARIO GENERALE<\/strong><br \/>\n<strong>CASERTA<\/strong>. Si \u00e8 svolto all\u2019Hotel Vanvitelli di San Marco Evangelista (Caserta) il settimo congresso provinciale della Flai Cgil Caserta che si \u00e8 aperto con la relazione introduttiva del segretario provinciale uscente, Pasquale Campanile e gli interventi del segretario regionale Giuseppe Carotenuto e l\u2019intervento conclusivo della segretaria generale della Flai Cgil Nazionale, Ivana Galli.<br \/>\nUn congresso che si \u00e8 svolto nel pieno dei ritmi lavorativi previsti: i 61 delegati, sono stati chiamati ad eleggere i nuovi organi dirigenti. E\u2019 stato eletto un Direttivo di 29 persone ed un\u2019Assemblea di 39 persone. Nel dibattito congressuale sono emerse diverse argomentazioni legate ai temi dell\u2019agromafie, del caporalato, della tutela dei braccianti e dei lavoratori della forestazione nella contrattazione del comparto dell\u2019agroindustria oltre alla tematica dei Consorzi di Bonifica.<br \/>\nL\u2019assemblea dei delegati ha quindi eletto all\u2019unanimit\u00e0 Igor Prata, 32 anni, di Falciano del Massico, da oltre dieci anni impegnato nelle battaglie sui diritti dei lavoratori, e in modo particolare sulla tutela dei braccianti agricoli presenti in Provincia di Caserta e sull\u2019intero Territorio del Litorale Domizio e della zona Sessana, in cui ha ricoperto, per oltre 4 anni, il ruolo di responsabile della sede sindacale territoriale. \u201cAbbiamo delle eccellenze nell\u2019agroalimentare da difendere e rilanciare \u2013 ha detto Prata nella sua relazione programmatica &#8211; delle difficolt\u00e0 oggettive nella forestazione e nella bonifica che vanno affrontate partendo da una stabilizzazione dei lavoratori e una riorganizzazione di questi due comparti. Dobbiamo continuare la nostra lotta al caporalato chiedendo piena applicazione della legge 199\/2016, con l\u2019istituzione di trasporto e collocamento pubblico, togliendo il terreno sotto i piedi ai caporali e colpendo le aziende che puntano sull\u2019illegalit\u00e0. La Flai Cgil di Caserta dovr\u00e0 essere sui territori, nelle aziende, aggredendo le illegalit\u00e0 e riscoprendo un ruolo confederale. Voglio far parte di una squadra, di un gruppo che non lasci solo alcun lavoratore al suo destino. Ognuno di noi dovr\u00e0 sentire sulla propria pelle la mancanza di diritti e tutele che investe questo o quel lavoratore\u201d.<br \/>\n\u201cCon Igor Prata \u2013 ha affermato la segretaria nazionale della Flai Cgil, Ivana Galli &#8211; vogliamo continuare ad investire sui giovani, che sono una risorsa per tutta la categoria. Ha un rapporto molto radicato sul territorio, tante capacit\u00e0 relazionali ed \u00e8 la persona giusta per ricoprire questo incarico. Fare il sindacalista in questo territorio sar\u00e0 stimolante e duro. A lui vanno i migliori auguri di buon lavoro da parte di tutta la Flai Cgil\u201d.<br \/>\n\u201cAd Igor Prata vanno i migliori auguri da parte di tutta la Flai Cgil Campania \u2013 ha dichiarato Giuseppe Carotenuto, segretario regionale \u2013 Siamo convinti che sapr\u00e0 fare un ottimo lavoro in provincia di Caserta in difesa dei diritti dei lavoratori\u201d.<\/p>\n","protected":false},"excerpt":{"rendered":"<p>&nbsp; &nbsp; CONGRESSO FLAI CGIL CASERTA: IGOR PRATA ELETTO SEGRETARIO GENERALE CASERTA. Si \u00e8 svolto all\u2019Hotel Vanvitelli di<\/p>\n","protected":false},"author":2,"featured_media":20838,"comment_status":"closed","ping_status":"closed","sticky":false,"template":"","format":"standard","meta":{"sfsi_plus_gutenberg_text_before_share":"","sfsi_plus_gutenberg_show_text_before_share":"","sfsi_plus_gutenberg_icon_type":"","sfsi_plus_gutenberg_icon_alignemt":"","sfsi_plus_gutenburg_max_per_row":"","footnotes":""},"categories":[6,4,9],"tags":[],"class_list":["post-20837","post","type-post","status-publish","format-standard","has-post-thumbnail","hentry","category-caserta","category-falciano","category-politica"],"_links":{"self":[{"href":"https:\/\/www.thereportzone.it\/index.php?rest_route=\/wp\/v2\/posts\/20837"}],"collection":[{"href":"https:\/\/www.thereportzone.it\/index.php?rest_route=\/wp\/v2\/posts"}],"about":[{"href":"https:\/\/www.thereportzone.it\/index.php?rest_route=\/wp\/v2\/types\/post"}],"author":[{"embeddable":true,"href":"https:\/\/www.thereportzone.it\/index.php?rest_route=\/wp\/v2\/users\/2"}],"replies":[{"embeddable":true,"href":"https:\/\/www.thereportzone.it\/index.php?rest_route=%2Fwp%2Fv2%2Fcomments&post=20837"}],"version-history":[{"count":0,"href":"https:\/\/www.thereportzone.it\/index.php?rest_route=\/wp\/v2\/posts\/20837\/revisions"}],"wp:featuredmedia":[{"embeddable":true,"href":"https:\/\/www.thereportzone.it\/index.php?rest_route=\/"}],"wp:attachment":[{"href":"https:\/\/www.thereportzone.it\/index.php?rest_route=%2Fwp%2Fv2%2Fmedia&parent=20837"}],"wp:term":[{"taxonomy":"category","embeddable":true,"href":"https:\/\/www.thereportzone.it\/index.php?rest_route=%2Fwp%2Fv2%2Fcategories&post=20837"},{"taxonomy":"post_tag","embeddable":true,"href":"https:\/\/www.thereportzone.it\/index.php?rest_route=%2Fwp%2Fv2%2Ftags&post=20837"}],"curies":[{"name":"wp","href":"https:\/\/api.w.org\/{rel}","templated":true}]}}