{"id":20796,"date":"2018-10-12T22:36:36","date_gmt":"2018-10-12T20:36:36","guid":{"rendered":"https:\/\/www.thereportzone.it\/?p=20796"},"modified":"2018-10-12T22:36:36","modified_gmt":"2018-10-12T20:36:36","slug":"carinola-i-non-eletti-di-siamo-carinola-intervengo-sulla-vicenda-rimpasto-di-giunta","status":"publish","type":"post","link":"https:\/\/www.thereportzone.it\/?p=20796","title":{"rendered":"CARINOLA &#8211; I non-eletti di SiAmo Carinola intervengo sulla vicenda &#8220;rimpasto di giunta&#8221;"},"content":{"rendered":"<p>&nbsp;<br \/>\n&nbsp;<br \/>\n<strong>CARINOLA<\/strong>. &#8220;Alla luce degli ultimi avvenimenti che hanno interessato l\u2019assetto politico \/ amministrativo del nostro comune \u00e8 indispensabile una precisazione circa la posizione dei sottoscrittori del presente documento in merito a tale vicenda, rispetto alla quale non pare possibile avere un atteggiamento disinteressato e subire in modo passivo delle scelte che comunque ci vedono interessati direttamente . La lista \u201c S\u00ec amo Carinola\u201d \u00e8 nata con l\u2019obiettivo di mettere insieme personalit\u00e0 con esperienze diverse ma accomunate dall\u2019unico obiettivo di contribuire, ognuno per quanto di sua competenza e secondo le sue professionalit\u00e0, a concorrere in modo concreto, fattivo, collaborativo, al raggiungimento di un unico fine: vincere le elezioni ed amministrare al meglio la terra che tanto amiamo. Il risultato elettorale ha premiato la linea scelta ed anche per coloro che in quella tornata elettorale non hanno raggiunto l\u2019obiettivo di entrare a far parte della maggioranza , la vittoria della coalizione era parsa un premio al lavoro ed all\u2019impegno profuso da ognuno.<br \/>\nLa necessit\u00e0 di scrivere queste righe nasce principalmente dalla necessit\u00e0 di rendere edotti coloro che ci hanno votato, sostenuto ed hanno creduto nella nostra idoneit\u00e0 a rappresentarli, del nostro profondo disappunto e del nostro distacco dalla linea politica amministrativa intrapresa del nuovo corso della maggioranza.<br \/>\nNon essere presi assolutamente in considerazione in questo momento di profondo cambiamento ci ha costretto a ripensare inevitabilmente a quello che doveva essere il nostro ruolo all\u2019interno della coalizione e a quello che in effetti si \u00e8 rivelato \u00e8 o a meglio dire era, dal momento che queste scelte svelano un disegno che pare inequivocabilmente preordinato. Essere stati trattati quali meo ricettacolo di voti, ha ferito il nostro senso di appartenenza, non essere stati minimamente presi in considerazione al momento in cui scelte importanti dovevano essere prese ha reso ancora pi\u00f9 amara la presa di coscienza che l\u2019essere \u201c gruppo\u201d veniva sistematicamente sacrificato al cospetto dell\u2019 io e di manovre figlie dell\u2019arrivismo e della bramosia di potere a tutti i costi.<br \/>\nUsando una metafora calcistica ci sentiamo come dei calciatori che, nel rispetto dei ruoli e delle gerarchie comunque esistenti all\u2019interno di una squadra, si siano sempre allenati aspettando pazientemente il proprio turno, senza mai alzare la voce, senza mai esternare una qualsiasi forma di disappunto anche di fronte a scelte che sembravano ai pi\u00f9 presagire un ruolo di mera comparsa, ma che al momento di scendere in campo siano stai messi da parte senza neanche essere stati messi alla prova.<br \/>\nSindaco, Meritavamo di avere una possibilit\u00e0!! Meritavamo di metterci in gioco, Meritavamo di essere parte finalmente attiva di quel progetto condiviso in cui abbiamo creduto ed alla cui vittoria abbiamo contribuito.<br \/>\nDi fronte a tale situazione non possiamo che appoggiare incondizionatamente la scelta dei consiglieri fuoriusciti dalla maggioranza, il loro coraggio, la loro coerenza e la loro disponibilit\u00e0 a sacrificare il loro ruolo prospettando una scelta che non pu\u00f2 che lusingarci e renderci orgogliosi.<br \/>\nQuanto al resto non potremo che essere coerenti, anche e soprattutto per il futuro, ad una linea di condotta che sia coerente, quella si.., ai sentimenti ed ai propositi che abbiamo sempre fatto nostri e che da queste righe pensiamo di aver trasmesso in maniera inequivocabile.<br \/>\nTanto era dovuto in nome della lealt\u00e0 e della trasparenza che ha da sempre contraddistinto il nostro agire e per l\u2019ossequioso rispetto verso tutti coloro che non hanno mai mancato di farci sentire il loro appoggio e la loro stima&#8221;. <em>&#8220;I non eletti di SiAmo Carinola&#8221;<\/em><\/p>\n","protected":false},"excerpt":{"rendered":"<p>&nbsp; &nbsp; CARINOLA. &#8220;Alla luce degli ultimi avvenimenti che hanno interessato l\u2019assetto politico \/ amministrativo del nostro comune<\/p>\n","protected":false},"author":2,"featured_media":20797,"comment_status":"closed","ping_status":"closed","sticky":false,"template":"","format":"standard","meta":{"sfsi_plus_gutenberg_text_before_share":"","sfsi_plus_gutenberg_show_text_before_share":"","sfsi_plus_gutenberg_icon_type":"","sfsi_plus_gutenberg_icon_alignemt":"","sfsi_plus_gutenburg_max_per_row":"","footnotes":""},"categories":[2973,9],"tags":[],"class_list":["post-20796","post","type-post","status-publish","format-standard","has-post-thumbnail","hentry","category-carinola","category-politica"],"_links":{"self":[{"href":"https:\/\/www.thereportzone.it\/index.php?rest_route=\/wp\/v2\/posts\/20796"}],"collection":[{"href":"https:\/\/www.thereportzone.it\/index.php?rest_route=\/wp\/v2\/posts"}],"about":[{"href":"https:\/\/www.thereportzone.it\/index.php?rest_route=\/wp\/v2\/types\/post"}],"author":[{"embeddable":true,"href":"https:\/\/www.thereportzone.it\/index.php?rest_route=\/wp\/v2\/users\/2"}],"replies":[{"embeddable":true,"href":"https:\/\/www.thereportzone.it\/index.php?rest_route=%2Fwp%2Fv2%2Fcomments&post=20796"}],"version-history":[{"count":0,"href":"https:\/\/www.thereportzone.it\/index.php?rest_route=\/wp\/v2\/posts\/20796\/revisions"}],"wp:featuredmedia":[{"embeddable":true,"href":"https:\/\/www.thereportzone.it\/index.php?rest_route=\/"}],"wp:attachment":[{"href":"https:\/\/www.thereportzone.it\/index.php?rest_route=%2Fwp%2Fv2%2Fmedia&parent=20796"}],"wp:term":[{"taxonomy":"category","embeddable":true,"href":"https:\/\/www.thereportzone.it\/index.php?rest_route=%2Fwp%2Fv2%2Fcategories&post=20796"},{"taxonomy":"post_tag","embeddable":true,"href":"https:\/\/www.thereportzone.it\/index.php?rest_route=%2Fwp%2Fv2%2Ftags&post=20796"}],"curies":[{"name":"wp","href":"https:\/\/api.w.org\/{rel}","templated":true}]}}