{"id":20720,"date":"2018-10-06T09:54:27","date_gmt":"2018-10-06T07:54:27","guid":{"rendered":"https:\/\/www.thereportzone.it\/?p=20720"},"modified":"2018-10-06T09:54:27","modified_gmt":"2018-10-06T07:54:27","slug":"falerno-fest-ottimo-esito-del-primo-giorno-e-stasera-arriva-cotarella-tutte-le-foto","status":"publish","type":"post","link":"https:\/\/www.thereportzone.it\/?p=20720","title":{"rendered":"FALERNO FEST &#8211; Ottimo esito del primo giorno, e stasera arriva Cotarella &#8211; TUTTE LE FOTO"},"content":{"rendered":"<p>&nbsp;<br \/>\n&nbsp;<br \/>\n&nbsp;<br \/>\n<img fetchpriority=\"high\" decoding=\"async\" class=\"alignright size-full wp-image-20727\" src=\"https:\/\/www.thereportzone.it\/wp-content\/uploads\/2018\/10\/sabato-falerno-fest.jpg\" alt=\"\" width=\"669\" height=\"531\" \/><br \/>\n&nbsp;<br \/>\n<strong>FALCIANO<\/strong>. Un esito ottimo quello della prima giornata del Falerno Fest, la manifestazione dedicata al Vino Falerno che sta riscuotendo interesse ed adesioni da parte di tantissime persone ed appassionati del prodotto. Il tutto ha avuto inizio ieri mattina, con la <strong>Visita Guidata presso le Cantine Falcianesi<\/strong>: Regina Viarum, Campierti, Papa e Santoro.\u00a0La giornata si presentava incerta, ma i ragazzi della classi terze della Scuola Media non per nulla scoraggiati da un cielo pieno di nubi e minaccioso pioggia hanno affrontato, con un certo scetticismo che poi si \u00e8 trasformato in entusiasmo anche chiassoso, una mattinata scolastica tra i vigneti \u00a0e le Cantine di Falciano del Massico, che producano ed imbottigliano il Falerno. Realizzatori di questa iniziativa culturale fortemente voluta dal Sindaco Ing. <em><strong>Giovanni Erasmo Fava<\/strong><\/em> e dell\u2019intera Amministrazione del Comune di Falciano del Massico sono stati gli organizzatori di Falernum Fest nella figura del consigliere delegato <strong><em>Geppino De Santis<\/em><\/strong>\u00a0 e di tutto lo staff organizzativo che ha trovato una \u00a0fattiva accoglienza da parte della nuova Dirigente scolastica del polo scolastico Campo Falerno. I ragazzi accompagnati dai loro insegnanti e dagli Assessori alla Cultura e alle Politiche sociali <em><strong>Palmina Manica<\/strong><\/em> ed <strong><em>Antonietta Rucco<\/em><\/strong> , da <strong><em>Maria Di Marco<\/em><\/strong>, <em><strong>Gaetano Gallo<\/strong><\/em>, <strong><em>Mariano Croce, Claudio Battafarano, Rocco Maddalena<\/em><\/strong> e la nuova Dirigente scolastica hanno vissuto, sotto la sapiente guida Prof. <em><strong>Giuseppe Toscano<\/strong><\/em>, tutte le fasi della produzione di un vino che, il Falernum, solo il territorio di Falciano del Massico, il famoso Ager Falernus, pu\u00f2 produrre per la peculiarit\u00e0 del suo terreno e del suo micro clima. Un plauso va alle quattro Cantine, ormai storiche, di Falciano del Massico che hanno accolto con entusiasmo questa iniziativa culturale. Ogni produttore (la Cantina Campierti di Zannini, la Cantina Regina Viarum di Angelino, la Cantina Papa e la Cantina Santoro) ha sapientemente spiegato e narrato le peculiarit\u00e0 che caratterizzano il loro prodotto legato al luogo d\u00ec produzione della loro uva ed i propri metodi di vinificazione che, comunque, \u00e8 sempre il meraviglioso ed inimitabile Falernum. L\u2019accoglienza calorosa delle Cantine ha confermato la loro disponibilit\u00e0 ed il loro entusiasmo per questo progetto culturale di conoscenza del nostro territorio voluta dal Sindaco Ing. Giovanni Erasmo Fava e \u00a0condiviso dall\u2019Amministrazione Comunale. I dolcetti, le crostate ed altro, tutto accompagnato da qualche sorso del vino delle singole cantine, hanno creato un clima di gioia, di serenit\u00e0 e di studio in una giornata di inizio autunno. Lo spettacolo della cantina ipogea della propriet\u00e0 Maddalena ha meravigliato tutti spronando ognuno a ricercare nel territorio testimonianze di un passato che si \u00e8 dimenticato. Alle ore 18:00, poi, si \u00e8 avuto, in Piazza San Pietro, il <strong>Concorso Vino del Contadino<\/strong>. Oltre 20 i concorrenti, con una giuria qualificata che ha assaporato e votato i vini. I primi tre classificati sono stati:\u00a01) <strong><em>Rella Gennaro<\/em><\/strong>; 2) <strong><em>Matano Pasquale<\/em><\/strong>; 3) <strong><em>Prata Gaetano<\/em><\/strong>.\u00a0I giudici hanno comunque ritenuto il concorso di alto livello con ottima qualit\u00e0 dei vini, da intendere nella categoria &#8220;amatoriale&#8221;. Ieri sera, infine, sempre in Piazza San Pietro, si \u00e8 svolto lo spettacolo del <strong>Gruppo Teatrale L&#8217;Istrione<\/strong>, momenti di cultura e divertimento, con applausi infiniti per lo show denominato Voglia di Falrno. Tutto quanto si \u00e8 svolto nella giornata di ieri ha rappresentato soltanto l&#8217;inizio di questa grande manifestazione mentre, stasera, si attende l&#8217;arrivo del Presidente Nazionale Assoenologi <strong><em>Riccardo Cotarella<\/em><\/strong>, per il convegno sul Vino Falerno, alle ore 18:00. Grande entusiasmo ed ottima opportunit\u00e0 per portare le virt\u00f9 di questo prodotto alla conoscenza nazionale ed internazionale. Qui di seguito tutte le foto delle parti salienti della giornata di ieri.<br \/>\n<img decoding=\"async\" class=\"size-full wp-image-20721 aligncenter\" src=\"https:\/\/www.thereportzone.it\/wp-content\/uploads\/2018\/10\/Papa-1.jpg\" alt=\"\" width=\"1024\" height=\"768\" \/><br \/>\n<img decoding=\"async\" class=\"size-full wp-image-20722 aligncenter\" src=\"https:\/\/www.thereportzone.it\/wp-content\/uploads\/2018\/10\/Regina-Viarun-1.jpg\" alt=\"\" width=\"1024\" height=\"768\" \/><br \/>\n<img loading=\"lazy\" decoding=\"async\" class=\"size-full wp-image-20723 aligncenter\" src=\"https:\/\/www.thereportzone.it\/wp-content\/uploads\/2018\/10\/Regina-Viarun-2.jpg\" alt=\"\" width=\"1024\" height=\"768\" \/><br \/>\n<img loading=\"lazy\" decoding=\"async\" class=\"size-full wp-image-20724 aligncenter\" src=\"https:\/\/www.thereportzone.it\/wp-content\/uploads\/2018\/10\/Campierti-2.jpg\" alt=\"\" width=\"1024\" height=\"768\" \/><br \/>\n<img loading=\"lazy\" decoding=\"async\" class=\"size-full wp-image-20725 aligncenter\" src=\"https:\/\/www.thereportzone.it\/wp-content\/uploads\/2018\/10\/43225969_10212320138574313_964564932156719104_n.jpg\" alt=\"\" width=\"960\" height=\"720\" \/><br \/>\n<img loading=\"lazy\" decoding=\"async\" class=\"size-full wp-image-20726 aligncenter\" src=\"https:\/\/www.thereportzone.it\/wp-content\/uploads\/2018\/10\/43239895_1282194238588264_4939525381846728704_n.jpg\" alt=\"\" width=\"960\" height=\"720\" \/><\/p>\n","protected":false},"excerpt":{"rendered":"<p>&nbsp; &nbsp; &nbsp; &nbsp; FALCIANO. Un esito ottimo quello della prima giornata del Falerno Fest, la manifestazione dedicata<\/p>\n","protected":false},"author":2,"featured_media":20727,"comment_status":"closed","ping_status":"closed","sticky":false,"template":"","format":"standard","meta":{"sfsi_plus_gutenberg_text_before_share":"","sfsi_plus_gutenberg_show_text_before_share":"","sfsi_plus_gutenberg_icon_type":"","sfsi_plus_gutenberg_icon_alignemt":"","sfsi_plus_gutenburg_max_per_row":"","footnotes":""},"categories":[10,4,9],"tags":[],"class_list":["post-20720","post","type-post","status-publish","format-standard","has-post-thumbnail","hentry","category-cultura","category-falciano","category-politica"],"_links":{"self":[{"href":"https:\/\/www.thereportzone.it\/index.php?rest_route=\/wp\/v2\/posts\/20720"}],"collection":[{"href":"https:\/\/www.thereportzone.it\/index.php?rest_route=\/wp\/v2\/posts"}],"about":[{"href":"https:\/\/www.thereportzone.it\/index.php?rest_route=\/wp\/v2\/types\/post"}],"author":[{"embeddable":true,"href":"https:\/\/www.thereportzone.it\/index.php?rest_route=\/wp\/v2\/users\/2"}],"replies":[{"embeddable":true,"href":"https:\/\/www.thereportzone.it\/index.php?rest_route=%2Fwp%2Fv2%2Fcomments&post=20720"}],"version-history":[{"count":0,"href":"https:\/\/www.thereportzone.it\/index.php?rest_route=\/wp\/v2\/posts\/20720\/revisions"}],"wp:featuredmedia":[{"embeddable":true,"href":"https:\/\/www.thereportzone.it\/index.php?rest_route=\/"}],"wp:attachment":[{"href":"https:\/\/www.thereportzone.it\/index.php?rest_route=%2Fwp%2Fv2%2Fmedia&parent=20720"}],"wp:term":[{"taxonomy":"category","embeddable":true,"href":"https:\/\/www.thereportzone.it\/index.php?rest_route=%2Fwp%2Fv2%2Fcategories&post=20720"},{"taxonomy":"post_tag","embeddable":true,"href":"https:\/\/www.thereportzone.it\/index.php?rest_route=%2Fwp%2Fv2%2Ftags&post=20720"}],"curies":[{"name":"wp","href":"https:\/\/api.w.org\/{rel}","templated":true}]}}