{"id":20696,"date":"2018-10-03T16:07:02","date_gmt":"2018-10-03T14:07:02","guid":{"rendered":"https:\/\/www.thereportzone.it\/?p=20696"},"modified":"2018-10-03T16:07:02","modified_gmt":"2018-10-03T14:07:02","slug":"falerno-fest-arriva-riccardo-cotarella-al-convegno-del-6-ottobre","status":"publish","type":"post","link":"https:\/\/www.thereportzone.it\/?p=20696","title":{"rendered":"FALERNO FEST &#8211; Arriva Riccardo Cotarella al convegno del 6 Ottobre"},"content":{"rendered":"<p>&nbsp;<br \/>\n&nbsp;<br \/>\n&nbsp;<br \/>\n&nbsp;<br \/>\n<figure id=\"attachment_20697\" aria-describedby=\"caption-attachment-20697\" style=\"width: 1080px\" class=\"wp-caption aligncenter\"><img fetchpriority=\"high\" decoding=\"async\" class=\"size-full wp-image-20697\" src=\"https:\/\/www.thereportzone.it\/wp-content\/uploads\/2018\/10\/IMG_20181003_160529.png\" alt=\"\" width=\"1080\" height=\"1142\" \/><figcaption id=\"caption-attachment-20697\" class=\"wp-caption-text\">Il presidente nazionale Riccardo Cotarella<\/figcaption><\/figure><br \/>\n<strong>FALCIANO<\/strong>. Un evento di cui stiamo parlando molto sulle nostre pagine proprio perch\u00e9, Falerno Fest, rappresenta una manifestazione di grosso calibro. Il gi\u00e0 ricco calendario diventa sempre pi\u00f9 &#8220;pregiato&#8221;, con eventi e personaggi di fama internazionale. Cos\u00ec, per il convegno previsto per il 6 Ottobre arriva <em><strong>Riccardo Cotarella<\/strong><\/em>, Presidente Nazionale Assoenologi. Con le seguenti parole, il primo cittadino ing. <em><strong>Giovanni Erasmo Fava<\/strong><\/em>, ha annunciato la partecipazione del Presidente: &#8220;<em>Abbiamo appena avuto conferma della partecipazione al Convegno della #FalernoFest, previsto per Sabato 6 Ottobre alle ore 18.30 in Piazza Capuano, del Presidente nazionale Assoenologi RICCARDO COTARELLA, grande esperto nel campo dell\u2019enologia mondiale! Siamo onorati di avere COTARELLA a Falciano del Massico, con lui aumenta la qualit\u00e0 della FALERNO FEST&#8230; Vi aspettiamo numerosi&#8221;.<\/em><\/p>\n","protected":false},"excerpt":{"rendered":"<p>&nbsp; &nbsp; &nbsp; &nbsp; FALCIANO. Un evento di cui stiamo parlando molto sulle nostre pagine proprio perch\u00e9, Falerno<\/p>\n","protected":false},"author":2,"featured_media":20697,"comment_status":"closed","ping_status":"closed","sticky":false,"template":"","format":"standard","meta":{"sfsi_plus_gutenberg_text_before_share":"","sfsi_plus_gutenberg_show_text_before_share":"","sfsi_plus_gutenberg_icon_type":"","sfsi_plus_gutenberg_icon_alignemt":"","sfsi_plus_gutenburg_max_per_row":"","footnotes":""},"categories":[10,4,9],"tags":[],"class_list":["post-20696","post","type-post","status-publish","format-standard","has-post-thumbnail","hentry","category-cultura","category-falciano","category-politica"],"_links":{"self":[{"href":"https:\/\/www.thereportzone.it\/index.php?rest_route=\/wp\/v2\/posts\/20696"}],"collection":[{"href":"https:\/\/www.thereportzone.it\/index.php?rest_route=\/wp\/v2\/posts"}],"about":[{"href":"https:\/\/www.thereportzone.it\/index.php?rest_route=\/wp\/v2\/types\/post"}],"author":[{"embeddable":true,"href":"https:\/\/www.thereportzone.it\/index.php?rest_route=\/wp\/v2\/users\/2"}],"replies":[{"embeddable":true,"href":"https:\/\/www.thereportzone.it\/index.php?rest_route=%2Fwp%2Fv2%2Fcomments&post=20696"}],"version-history":[{"count":0,"href":"https:\/\/www.thereportzone.it\/index.php?rest_route=\/wp\/v2\/posts\/20696\/revisions"}],"wp:featuredmedia":[{"embeddable":true,"href":"https:\/\/www.thereportzone.it\/index.php?rest_route=\/"}],"wp:attachment":[{"href":"https:\/\/www.thereportzone.it\/index.php?rest_route=%2Fwp%2Fv2%2Fmedia&parent=20696"}],"wp:term":[{"taxonomy":"category","embeddable":true,"href":"https:\/\/www.thereportzone.it\/index.php?rest_route=%2Fwp%2Fv2%2Fcategories&post=20696"},{"taxonomy":"post_tag","embeddable":true,"href":"https:\/\/www.thereportzone.it\/index.php?rest_route=%2Fwp%2Fv2%2Ftags&post=20696"}],"curies":[{"name":"wp","href":"https:\/\/api.w.org\/{rel}","templated":true}]}}