{"id":20692,"date":"2018-10-02T19:22:17","date_gmt":"2018-10-02T17:22:17","guid":{"rendered":"https:\/\/www.thereportzone.it\/?p=20692"},"modified":"2018-10-02T19:22:17","modified_gmt":"2018-10-02T17:22:17","slug":"falciano-va-ad-assisi-vice-sindaco-palmina-manica-e-assessore-rucco-pronte-a-partire","status":"publish","type":"post","link":"https:\/\/www.thereportzone.it\/?p=20692","title":{"rendered":"Falciano va ad Assisi, vice sindaco Palmina Manica e Assessore Rucco pronte a partire"},"content":{"rendered":"<p>&nbsp;<br \/>\n&nbsp;<br \/>\n<figure id=\"attachment_14617\" aria-describedby=\"caption-attachment-14617\" style=\"width: 320px\" class=\"wp-caption aligncenter\"><img fetchpriority=\"high\" decoding=\"async\" class=\"size-full wp-image-14617\" src=\"https:\/\/www.thereportzone.it\/wp-content\/uploads\/2017\/04\/IMG_1272.jpg\" alt=\"\" width=\"320\" height=\"320\" \/><figcaption id=\"caption-attachment-14617\" class=\"wp-caption-text\">Palmina Manica<\/figcaption><\/figure><br \/>\n&nbsp;<br \/>\n<figure id=\"attachment_16099\" aria-describedby=\"caption-attachment-16099\" style=\"width: 719px\" class=\"wp-caption aligncenter\"><img decoding=\"async\" class=\"size-full wp-image-16099\" src=\"https:\/\/www.thereportzone.it\/wp-content\/uploads\/2017\/08\/FB_IMG_1501773348798.jpg\" alt=\"\" width=\"719\" height=\"720\" \/><figcaption id=\"caption-attachment-16099\" class=\"wp-caption-text\">L&#8217;Assessore Antonietta Rucco<\/figcaption><\/figure><br \/>\n<strong>FALCIANO<\/strong>.\u00a0\u00a0Il 3 e 4 ottobre anche l&#8217;olio di Falciano del Massico, offerto da produttori locali con sincera devozione, contribuir\u00e0 all&#8217;accensione della lampada votiva a San Francesco, patrono d Italia. La Regione Campania sar\u00e0 presente con tutti i comuni che hanno aderito dopo 20 anni dall&#8217;ultima volta. Falciano del Massico interverr\u00e0 con una delegazione nella persona della vice sindaca <em><strong>Palmina Manica<\/strong><\/em> dell&#8217;assessora <em><strong>Antonietta Rucco<\/strong><\/em> e di un rappresentante della protezione civile. &#8220;La mia partecipazione -ha detto Antonietta Rucco- esula dal mio ruolo di amministratrice, che pure mi porta con orgoglio a rappresentare la mia gente, la mia terra, tanto amata e bistrattata io parto in pellegrinaggio come cristiana e devota a San Francesco, il santo poverello, e ai suoi piedi intendo porre le istanze dei miei fratelli e concittadini pi\u00f9 umili&#8221;.<\/p>\n","protected":false},"excerpt":{"rendered":"<p>&nbsp; &nbsp; &nbsp; FALCIANO.\u00a0\u00a0Il 3 e 4 ottobre anche l&#8217;olio di Falciano del Massico, offerto da produttori locali<\/p>\n","protected":false},"author":2,"featured_media":2999,"comment_status":"closed","ping_status":"closed","sticky":false,"template":"","format":"standard","meta":{"sfsi_plus_gutenberg_text_before_share":"","sfsi_plus_gutenberg_show_text_before_share":"","sfsi_plus_gutenberg_icon_type":"","sfsi_plus_gutenberg_icon_alignemt":"","sfsi_plus_gutenburg_max_per_row":"","footnotes":""},"categories":[10,4,9],"tags":[],"class_list":["post-20692","post","type-post","status-publish","format-standard","has-post-thumbnail","hentry","category-cultura","category-falciano","category-politica"],"_links":{"self":[{"href":"https:\/\/www.thereportzone.it\/index.php?rest_route=\/wp\/v2\/posts\/20692"}],"collection":[{"href":"https:\/\/www.thereportzone.it\/index.php?rest_route=\/wp\/v2\/posts"}],"about":[{"href":"https:\/\/www.thereportzone.it\/index.php?rest_route=\/wp\/v2\/types\/post"}],"author":[{"embeddable":true,"href":"https:\/\/www.thereportzone.it\/index.php?rest_route=\/wp\/v2\/users\/2"}],"replies":[{"embeddable":true,"href":"https:\/\/www.thereportzone.it\/index.php?rest_route=%2Fwp%2Fv2%2Fcomments&post=20692"}],"version-history":[{"count":0,"href":"https:\/\/www.thereportzone.it\/index.php?rest_route=\/wp\/v2\/posts\/20692\/revisions"}],"wp:featuredmedia":[{"embeddable":true,"href":"https:\/\/www.thereportzone.it\/index.php?rest_route=\/"}],"wp:attachment":[{"href":"https:\/\/www.thereportzone.it\/index.php?rest_route=%2Fwp%2Fv2%2Fmedia&parent=20692"}],"wp:term":[{"taxonomy":"category","embeddable":true,"href":"https:\/\/www.thereportzone.it\/index.php?rest_route=%2Fwp%2Fv2%2Fcategories&post=20692"},{"taxonomy":"post_tag","embeddable":true,"href":"https:\/\/www.thereportzone.it\/index.php?rest_route=%2Fwp%2Fv2%2Ftags&post=20692"}],"curies":[{"name":"wp","href":"https:\/\/api.w.org\/{rel}","templated":true}]}}