{"id":20679,"date":"2018-10-01T18:34:25","date_gmt":"2018-10-01T16:34:25","guid":{"rendered":"https:\/\/www.thereportzone.it\/?p=20679"},"modified":"2018-10-01T18:34:25","modified_gmt":"2018-10-01T16:34:25","slug":"falerno-fest-tutto-pronto-nasce-anche-il-sito-ufficiale","status":"publish","type":"post","link":"https:\/\/www.thereportzone.it\/?p=20679","title":{"rendered":"Falerno Fest, tutto pronto: nasce anche il sito ufficiale"},"content":{"rendered":"<p>&nbsp;<br \/>\n&nbsp;<br \/>\n<strong>FALCIANO<\/strong>. Un evento pensato in grande e che si sta sviluppando in grande. Ad ormai pochi giorni dall&#8217;inizio del Falerno Fest l&#8217;entusiasmo \u00e8 tanto. Non soltanto per il grande concerto di chiusura, con la <em><strong>Nuova Compagnia di Canto Popolare<\/strong><\/em>, ma per tutti i percorsi di degustazione e le tantissime iniziative in programma a partire da venerd\u00ec 5 ottobre. Numerosissime le cantine ed i commercianti che prenderanno parte alla manifestazione, senza dimenticarsi dei grandi spettacoli in programma con gli <em><strong>Sbandieratori di Sessa Aurunca<\/strong><\/em>, il gruppo teatrale <em><strong>L&#8217;Istrione, <\/strong><\/em>e tanto altro<em><strong>.<\/strong><\/em>\u00a0Cos\u00ec, come gi\u00e0 annunciato, oggi il programma \u00e8 stato trascritto su un d\u00e9pliant dimostrativo, di altissima eleganza, diffuso contemporaneamente alla nascita del sito ufficiale dell&#8217;evento <a href=\"https:\/\/www.falernofest.it\">www.falernofest.it<\/a>. Un sito meraviglioso dove, oltre a tutte le informazioni sulla manifestazione che si spalma in tre giorni (5-6-7 Ottobre), si pu\u00f2 trovare anche un vasto approfondimento sulla storia e la tradizione del Vino Falerno. A tal riguardo \u00e8 intervenuto il sindaco Ing. <strong>Giovanni Erasmo Fava<\/strong>, che ha detto: &#8220;<em>Falerno Fest \u00e8 un evento che va pensato in grande, in quanto \u00e8 in grado di raccogliere e chiamare a s\u00e9 l&#8217;interesse dell&#8217;intera Regione Campania. Oltre alla valorizzazione del Vino Falerno, infatti, avr\u00e0 come compito fondamentale quello di portare Falciano del Massico ad essere conosciuto per quello che \u00e8, ossia un Comune in cui si lavora per il territorio, in maniera inopinabile. N\u00e9 \u00e8 dimostrazione, del resto, il finanziamento approvato dalla Regione Campania, che ci ha visto premiati. Infine, la manifestazione, sar\u00e0 l&#8217;inizio di un periodo meraviglioso, fino ad arrivare all&#8217;evento del &#8220;Natale a Falciano&#8221;, anch&#8217;esso capace di attrarre l&#8217;interesse dell&#8217;intera Regione Campania&#8221;. <\/em>Anche il consigliere comunale <strong>Geppino De Santis<\/strong> \u00e8 intervenuto dicendo<em>: &#8220;Siamo arrivati alla XX edizione della Falerno Fest e per il secondo anno consecutivo abbiamo scelto di rendere la manifestazione non un semplice evento di passaggio ma una 3 giorni che possa consentire a tutti di conoscere il Falerno nelle sue radici e nella sua tradizione. Non solo un vino ma una storia che affonda la sua magnificenza in un territorio meraviglioso! Insomma Falerno Fest \u00e8 il timone per navigare nel cuore della Campania Felix&#8221;. Vi<\/em>\u00a0invitiamo, dunque, a visitare il sito internet e a consultare il d\u00e9pliant qui di seguito.<br \/>\n<img fetchpriority=\"high\" decoding=\"async\" class=\"size-full wp-image-20682 aligncenter\" src=\"https:\/\/www.thereportzone.it\/wp-content\/uploads\/2018\/10\/FB_IMG_1538400752702.jpg\" alt=\"\" width=\"1240\" height=\"1754\" \/><\/p>\n","protected":false},"excerpt":{"rendered":"<p>&nbsp; &nbsp; FALCIANO. Un evento pensato in grande e che si sta sviluppando in grande. Ad ormai pochi<\/p>\n","protected":false},"author":2,"featured_media":20682,"comment_status":"closed","ping_status":"closed","sticky":false,"template":"","format":"standard","meta":{"sfsi_plus_gutenberg_text_before_share":"","sfsi_plus_gutenberg_show_text_before_share":"","sfsi_plus_gutenberg_icon_type":"","sfsi_plus_gutenberg_icon_alignemt":"","sfsi_plus_gutenburg_max_per_row":"","footnotes":""},"categories":[10,4,9],"tags":[],"class_list":["post-20679","post","type-post","status-publish","format-standard","has-post-thumbnail","hentry","category-cultura","category-falciano","category-politica"],"_links":{"self":[{"href":"https:\/\/www.thereportzone.it\/index.php?rest_route=\/wp\/v2\/posts\/20679"}],"collection":[{"href":"https:\/\/www.thereportzone.it\/index.php?rest_route=\/wp\/v2\/posts"}],"about":[{"href":"https:\/\/www.thereportzone.it\/index.php?rest_route=\/wp\/v2\/types\/post"}],"author":[{"embeddable":true,"href":"https:\/\/www.thereportzone.it\/index.php?rest_route=\/wp\/v2\/users\/2"}],"replies":[{"embeddable":true,"href":"https:\/\/www.thereportzone.it\/index.php?rest_route=%2Fwp%2Fv2%2Fcomments&post=20679"}],"version-history":[{"count":0,"href":"https:\/\/www.thereportzone.it\/index.php?rest_route=\/wp\/v2\/posts\/20679\/revisions"}],"wp:featuredmedia":[{"embeddable":true,"href":"https:\/\/www.thereportzone.it\/index.php?rest_route=\/"}],"wp:attachment":[{"href":"https:\/\/www.thereportzone.it\/index.php?rest_route=%2Fwp%2Fv2%2Fmedia&parent=20679"}],"wp:term":[{"taxonomy":"category","embeddable":true,"href":"https:\/\/www.thereportzone.it\/index.php?rest_route=%2Fwp%2Fv2%2Fcategories&post=20679"},{"taxonomy":"post_tag","embeddable":true,"href":"https:\/\/www.thereportzone.it\/index.php?rest_route=%2Fwp%2Fv2%2Ftags&post=20679"}],"curies":[{"name":"wp","href":"https:\/\/api.w.org\/{rel}","templated":true}]}}