{"id":20508,"date":"2018-09-14T12:43:18","date_gmt":"2018-09-14T10:43:18","guid":{"rendered":"https:\/\/www.thereportzone.it\/?p=20508"},"modified":"2018-09-14T12:43:18","modified_gmt":"2018-09-14T10:43:18","slug":"falciano-falernofest-martedi-la-conferenza-stampa-a-caserta-il-grande-evento-e-alle-porte","status":"publish","type":"post","link":"https:\/\/www.thereportzone.it\/?p=20508","title":{"rendered":"FALCIANO &#8211; &#8220;FalernoFest&#8221;: marted\u00ec la conferenza stampa a Caserta: il grande evento \u00e8 alle porte"},"content":{"rendered":"<p>&nbsp;<br \/>\n&nbsp;<br \/>\n<img fetchpriority=\"high\" decoding=\"async\" class=\"size-full wp-image-20509 aligncenter\" src=\"https:\/\/www.thereportzone.it\/wp-content\/uploads\/2018\/09\/FB_IMG_1536921731640.jpg\" alt=\"\" width=\"720\" height=\"735\" \/><br \/>\n<strong>FALCIANO<\/strong>.\u00a0Arriva la conferenza stampa del &#8220;<em><strong>Falerno Fest<\/strong><\/em>&#8220;, la pi\u00f9 grande manifestazione che si svolge a Falciano del Massico, nell&#8217;arco dell&#8217;anno solare, insieme al &#8220;Natale a Falciano&#8221;. La conferenza stampa si terr\u00e0 marted\u00ec, a Caserta, presso i locali dell&#8217; Enoteca Provinciale della Camera di Commercio, in via Cesare Battisti. Un evento che ha gi\u00e0 il sapore di una manifestazione pensata in grande e che dar\u00e0 grande lustro a Falciano del Massico e all&#8217;intero territorio dove si produce questo meraviglioso prodotto: il Vino Falerno. Chiare le intenzioni dell&#8217;amministrazione comunale <em><strong>Falciano Bene Comune<\/strong><\/em>, guidata dal sindaco Ing. <em><strong>Giovanni Erasmo Fava<\/strong><\/em>, che punta ad organizzare eventi basati sulle salde radici della storia, della cultura e della tradizione di Falciano del Massico. &#8220;<em>Potevamo accontentarci di una conferenza stampa organizzata in paese, ma abbiamo deciso di farla a Caserta, godendo di una vetrina pi\u00f9 ampia. Il lavoro per il territorio, il grande impegno da parte di Falciano Bene Comune per il territorio e la capacit\u00e0 di riuscire a coniugare il tutto in grandi eventi, \u00e8 sicuramente una delle nostre prerogative fondamentali<\/em>&#8220;. Queste le dichiarazioni del sindaco, del consigliere <em><strong>Geppino De Santis<\/strong> <\/em>e dell&#8217;amministrazione comunale tutta. Dopo la conferenza stampa di marted\u00ec prossimo procederemo a rendere noto il calendario dell&#8217;evento che, possiamo gi\u00e0 anticiparvi, racchiude serate, iniziative e ospiti mai visti prima a Falciano del Massico.<\/p>\n","protected":false},"excerpt":{"rendered":"<p>&nbsp; &nbsp; FALCIANO.\u00a0Arriva la conferenza stampa del &#8220;Falerno Fest&#8220;, la pi\u00f9 grande manifestazione che si svolge a Falciano<\/p>\n","protected":false},"author":2,"featured_media":20509,"comment_status":"closed","ping_status":"closed","sticky":false,"template":"","format":"standard","meta":{"sfsi_plus_gutenberg_text_before_share":"","sfsi_plus_gutenberg_show_text_before_share":"","sfsi_plus_gutenberg_icon_type":"","sfsi_plus_gutenberg_icon_alignemt":"","sfsi_plus_gutenburg_max_per_row":"","footnotes":""},"categories":[6,10,4,9],"tags":[],"class_list":["post-20508","post","type-post","status-publish","format-standard","has-post-thumbnail","hentry","category-caserta","category-cultura","category-falciano","category-politica"],"_links":{"self":[{"href":"https:\/\/www.thereportzone.it\/index.php?rest_route=\/wp\/v2\/posts\/20508"}],"collection":[{"href":"https:\/\/www.thereportzone.it\/index.php?rest_route=\/wp\/v2\/posts"}],"about":[{"href":"https:\/\/www.thereportzone.it\/index.php?rest_route=\/wp\/v2\/types\/post"}],"author":[{"embeddable":true,"href":"https:\/\/www.thereportzone.it\/index.php?rest_route=\/wp\/v2\/users\/2"}],"replies":[{"embeddable":true,"href":"https:\/\/www.thereportzone.it\/index.php?rest_route=%2Fwp%2Fv2%2Fcomments&post=20508"}],"version-history":[{"count":0,"href":"https:\/\/www.thereportzone.it\/index.php?rest_route=\/wp\/v2\/posts\/20508\/revisions"}],"wp:featuredmedia":[{"embeddable":true,"href":"https:\/\/www.thereportzone.it\/index.php?rest_route=\/"}],"wp:attachment":[{"href":"https:\/\/www.thereportzone.it\/index.php?rest_route=%2Fwp%2Fv2%2Fmedia&parent=20508"}],"wp:term":[{"taxonomy":"category","embeddable":true,"href":"https:\/\/www.thereportzone.it\/index.php?rest_route=%2Fwp%2Fv2%2Fcategories&post=20508"},{"taxonomy":"post_tag","embeddable":true,"href":"https:\/\/www.thereportzone.it\/index.php?rest_route=%2Fwp%2Fv2%2Ftags&post=20508"}],"curies":[{"name":"wp","href":"https:\/\/api.w.org\/{rel}","templated":true}]}}