{"id":20346,"date":"2018-08-31T12:37:17","date_gmt":"2018-08-31T10:37:17","guid":{"rendered":"https:\/\/www.thereportzone.it\/?p=20346"},"modified":"2018-08-31T12:37:17","modified_gmt":"2018-08-31T10:37:17","slug":"incendio-theatro-il-video-virale-e-le-dichiarazioni-di-de-santis","status":"publish","type":"post","link":"https:\/\/www.thereportzone.it\/?p=20346","title":{"rendered":"Incendio Theatro, il video virale e le dichiarazioni di De Santis"},"content":{"rendered":"<p>&nbsp;<br \/>\n&nbsp;<br \/>\n<strong>SESSA AURUNCA<\/strong>. Un terribile risveglio per Sessa Aurunca quello di stamane. L&#8217;incendio dell&#8217;ex Teatro, attualmente Ristorante Theatro, in piazza Tiberio, ha gettato l&#8217;intera popolazione nello sconforto. Tantissimi i messaggi di vicinanza all&#8217;imprenditore Sepe. Tantissimi altri messaggi girano in rete anche da parte di politici locali. \u00c8 intervenuto a tal riguardo il consigliere comunale di Falciano del Massico <em><strong>Geppino De Santis<\/strong><\/em>, originario di Sessa Aurunca e legatissimo al territorio: &#8220;Non \u00e8 nostro compito indagare o essere giudici. Ci penseranno le autorit\u00e0 competenti. L&#8217;unica cosa che possiamo fare \u00e8 dimostrare solidariet\u00e0 e vicinanza al giovane imprenditore che, per dolo o fatalit\u00e0, ha visto andare in fumo tutti i suoi sforzi ed il suo duro lavoro&#8221;. Inoltre, un toccante video sta facendo il giro fel web, video che riprende proprio il momento in cui andava in fiamme la terrazza esterna del ristorante. In attesa di ulteriori chiarimenti sulla vicenda, siamo anche noi vicini all&#8217;imprenditore colpito dalla sventura. Qui di seguito il video virale.<br \/>\n<div style=\"width: 640px;\" class=\"wp-video\"><!--[if lt IE 9]><script>document.createElement('video');<\/script><![endif]-->\n<video class=\"wp-video-shortcode\" id=\"video-20346-1\" width=\"640\" height=\"362\" preload=\"metadata\" controls=\"controls\"><source type=\"video\/mp4\" src=\"https:\/\/www.thereportzone.it\/wp-content\/uploads\/2018\/08\/VID-20180831-WA0006.mp4?_=1\" \/><a href=\"https:\/\/www.thereportzone.it\/wp-content\/uploads\/2018\/08\/VID-20180831-WA0006.mp4\">https:\/\/www.thereportzone.it\/wp-content\/uploads\/2018\/08\/VID-20180831-WA0006.mp4<\/a><\/video><\/div><\/p>\n","protected":false},"excerpt":{"rendered":"<p>&nbsp; &nbsp; SESSA AURUNCA. Un terribile risveglio per Sessa Aurunca quello di stamane. L&#8217;incendio dell&#8217;ex Teatro, attualmente Ristorante<\/p>\n","protected":false},"author":2,"featured_media":20339,"comment_status":"closed","ping_status":"closed","sticky":false,"template":"","format":"standard","meta":{"sfsi_plus_gutenberg_text_before_share":"","sfsi_plus_gutenberg_show_text_before_share":"","sfsi_plus_gutenberg_icon_type":"","sfsi_plus_gutenberg_icon_alignemt":"","sfsi_plus_gutenburg_max_per_row":"","footnotes":""},"categories":[6,2943,8,9,2968],"tags":[],"class_list":["post-20346","post","type-post","status-publish","format-standard","has-post-thumbnail","hentry","category-caserta","category-cellole","category-cronaca","category-politica","category-sessa-aurunca"],"_links":{"self":[{"href":"https:\/\/www.thereportzone.it\/index.php?rest_route=\/wp\/v2\/posts\/20346"}],"collection":[{"href":"https:\/\/www.thereportzone.it\/index.php?rest_route=\/wp\/v2\/posts"}],"about":[{"href":"https:\/\/www.thereportzone.it\/index.php?rest_route=\/wp\/v2\/types\/post"}],"author":[{"embeddable":true,"href":"https:\/\/www.thereportzone.it\/index.php?rest_route=\/wp\/v2\/users\/2"}],"replies":[{"embeddable":true,"href":"https:\/\/www.thereportzone.it\/index.php?rest_route=%2Fwp%2Fv2%2Fcomments&post=20346"}],"version-history":[{"count":0,"href":"https:\/\/www.thereportzone.it\/index.php?rest_route=\/wp\/v2\/posts\/20346\/revisions"}],"wp:featuredmedia":[{"embeddable":true,"href":"https:\/\/www.thereportzone.it\/index.php?rest_route=\/"}],"wp:attachment":[{"href":"https:\/\/www.thereportzone.it\/index.php?rest_route=%2Fwp%2Fv2%2Fmedia&parent=20346"}],"wp:term":[{"taxonomy":"category","embeddable":true,"href":"https:\/\/www.thereportzone.it\/index.php?rest_route=%2Fwp%2Fv2%2Fcategories&post=20346"},{"taxonomy":"post_tag","embeddable":true,"href":"https:\/\/www.thereportzone.it\/index.php?rest_route=%2Fwp%2Fv2%2Ftags&post=20346"}],"curies":[{"name":"wp","href":"https:\/\/api.w.org\/{rel}","templated":true}]}}