{"id":20293,"date":"2018-08-27T12:27:45","date_gmt":"2018-08-27T10:27:45","guid":{"rendered":"https:\/\/www.thereportzone.it\/?p=20293"},"modified":"2018-08-27T12:27:45","modified_gmt":"2018-08-27T10:27:45","slug":"lunarte-a-casanova-di-carinola-la-dodicesima-edizione-del-festival-che-porta-lo-spettacolo-nei-cortili-e-nei-vicoli","status":"publish","type":"post","link":"https:\/\/www.thereportzone.it\/?p=20293","title":{"rendered":"LUNARTE: A Casanova di Carinola la dodicesima edizione del Festival che porta lo spettacolo nei cortili e nei vicoli"},"content":{"rendered":"<p>&nbsp;<br \/>\n&nbsp;<\/p>\n<p style=\"font-weight: 400;\"><strong>CULTURA<\/strong>. Torna per il dodicesimo anno consecutivo Lunarte, il festival che unisce cultura e territorio per una lunga serata di arte e spettacoli. L\u2019appuntamento \u00e8 fissato per sabato 1 settembre, in quelle che un tempo erano le antiche corti signorili del borgo Laurenzi, la parte pi\u00f9 antica di Casanova di Carinola, in provincia di Caserta. Cortili, vicoli e piazze ospiteranno performance teatrali, concerti, video installazioni, libri, momenti dedicati al gusto e altro ancora.<\/p>\n<p style=\"font-weight: 400;\">Un evento unico nel suo genere, organizzato da\u00a0<strong>Circuito socio-Culturale Caleno<\/strong>\u00a0con la collaborazione di\u00a0<strong>Et\u00e9rnit<\/strong>\u00a0e il patrocinio del\u00a0<strong>Comune di Carinola,\u00a0<\/strong>che in dodici anni \u00e8 riuscito a diventare un appuntamento attesissimo e sempre pi\u00f9 partecipato. La manifestazione ha inizio alle ore 19.00 per proseguire fino a notte fonda.<\/p>\n<p style=\"font-weight: 400;\"><strong>Gli artisti dell\u2019edizione 2018<\/strong><\/p>\n<p style=\"font-weight: 400;\">Tanti gli artisti protagonisti della dodicesima edizione, per il teatro: la compagnia\u00a0<strong>Bottega Bombardini<\/strong>\u00a0con<em>Cunto<\/em>, lavoro che indaga sulle leggende arcaiche e superstizioni della Sicilia di fine \u2018800 e inizio \u2018900 richiamando i personaggi dell\u2019Odissea di Omero, interpretato da\u00a0<strong>Antonella Romano<\/strong>\u00a0e<strong>Rosario Sparno<\/strong>, che ne cura anche la regia.<\/p>\n<p style=\"font-weight: 400;\">L\u2019attrice\u00a0<strong>Francesca De Nicolais<\/strong>\u00a0e il musicista\u00a0<strong>Alessandro Innaro<\/strong>presentano\u00a0<em>Appunti per una dedica a Sancho<\/em>, un flusso di musica e parole, tra follia, passione e le rocambolesche imprese di don Chisciotte e del suo fido scudiero Sancho Panza.\u00a0\u00a0Per il pubblico pi\u00f9 giovane\u00a0<strong>Gaspare Nasuto<\/strong>\u00a0porta in scena cinque secoli d\u2019arte dei burattini napoletani con il suo\u00a0<em>L\u2019antica tradizione di Pulcinella<\/em>, coniugando tradizione e sperimentazione.\u00a0Frammenti di amori, incantesimi e magie in\u00a0<em>Sogno di una notte di mezza estate<\/em>\u00a0della compagnia<em>Teatro Mobile<\/em>, uno spettacolo itinerante \u201cin cuffia\u201d per la regia di\u00a0<strong>Marcello Cava<\/strong>, tratto dall\u2019opera di W. Shakespeare.\u00a0<strong>Luigi Morra<\/strong>\u00a0presenta<em>NEGRI spettacolo per bianchi,<\/em>performance conclusiva di una residenza artistica realizzata sul territorio di Carinola, negli spazi di Palazzo Novelli, nei giorni precedenti al festival, il lavoro \u00e8 liberamente ispirato a\u00a0<em>I Negri<\/em>\u00a0di Jean Genet ed \u00e8 coprodotto da Et\u00e9rnit e Lunarte.<\/p>\n<p style=\"font-weight: 400;\">Le performance di teatro hanno inizio alle 21.00; la durata \u00e8 di circa 20 minuti, e replicheranno due o tre volte nel corso dell\u2019evento.<\/p>\n<p style=\"font-weight: 400;\">In programma, inoltre, le video installazioni\u00a0<em>Qi<\/em>\u00a0e\u00a0<em>Mandala<\/em>\u00a0di\u00a0<strong>Loredana Antonelli<\/strong>, artista multimediale che orienta la sua ricerca sull\u2019esperienza percettiva, contaminandosi attraverso l\u2019arte numerica, arte religiosa orientale, terapia del colore e principi psichedelici<\/p>\n<p style=\"font-weight: 400;\">Alle ore 19.00, in uno spazio a cura di Amici della Biblioteca di Carinola,<strong>Sergio Nazzaro<\/strong>\u00a0presenter\u00e0 il suo libro<em>Mediterraneo<\/em>, graphic novel illustrato da\u00a0<strong>Luca Ferrara<\/strong>,\u00a0che racconta il viaggio di Amalia su una profondit\u00e0 arida di sabbia e cadaveri. \u201cNon ci sono parole per raccontare di un mare che, per vergogna e pudore ha ritirato le sue acque.\u201d La presentazione \u00e8 seguita da un aperitivo accompagnato da una degustazione di vini offerta dall\u2019azienda<strong>Regina Viarum<\/strong>.<\/p>\n<p style=\"font-weight: 400;\">Dopo le performance di teatro suoneranno a Lunarte:\u00a0<strong>Drum Circle,<\/strong>ensemble di tre batterie, disposte a cerchio per un unico set percussivo;\u00a0<strong>Radio Tahuania,<\/strong>\u00a0progetto concepito nella selva centrale del Per\u00f9. I ritmi stridenti\u00a0e psichedelici delle chitarre elettriche uniti ai bassi dondolanti e ai ritmi latini della cumbia e del mambo in tutte le loro sfaccettature, sono gli ingredienti micidiali del sound di Tahuania, addolciti dalle voci e dalla lingua spagnola.\u00a0In chiusura:\u00a0<strong>Fanfara Station<\/strong>, trio con looping dal vivo che fonde la forza di\u00a0un\u2019orchestra di fiati, l\u2019elettronica e i ritmi e i canti del Maghreb. Fanfara Station celebra l\u2019epopea dei popoli migranti del Mediterraneo, delle culture musicali della diaspora africana e dei flussi che da sempre uniscono il Medio Oriente al Maghreb, all\u2019Europa e alle Americhe.<\/p>\n<p style=\"font-weight: 400;\">LUNARTE dedica una particolare attenzione anche al profilo enogastronomico: organizzando \u201cAgriFood\u201d un\u2019area nella quale verranno cucinati piatti tipici del territorio preparati utilizzando ingredienti e materie prime di aziende locali che collaborano all\u2019iniziativa;\u00a0Agrifood, rappresenta la volont\u00e0 di Lunarte di affrontare temi importanti del comparto agroalimentare, come la ricerca di materie prime di qualit\u00e0, la sostenibilit\u00e0 delle piccole imprese del settore, la promozione di prodotti di filiera corta, la tracciabilit\u00e0,\u00a0 l&#8217;agricoltura biologica con lo scopo di avvicinare il consumatore ad un&#8217;alimentazione pi\u00f9 consapevole.\u00a0Infine, l\u2019area vino propone\u00a0prodotti della cantina\u00a0<strong>Telaro<\/strong>,\u00a0 mentre il bar \u00e8 affidato a<strong>\u00a0Le Anfore Caf\u00e9<\/strong>, \u00a0entrambi sponsor dell\u2019iniziativa.<\/p>\n<p style=\"font-weight: 400;\">Una lunga notte a cui \u00e8 consigliabile partecipare dalle ore 19.00 per un percorso ideale tra le tante attivit\u00e0 in programma.<\/p>\n<p style=\"font-weight: 400;\"><strong>Lunarte, dodici anni di magici incontri tra arte e territorio.<\/strong><\/p>\n<p style=\"font-weight: 400;\"><em>\u00a0<\/em>\u201c<em>Anche quest\u2019anno il nostro intento \u2013\u00a0<\/em>ha dichiarato l\u2019organizzazione di Lunarte\u00a0<em>&#8211; \u00e8 quello di favorire un movimento artistico-culturale che incontri e potenzi le peculiarit\u00e0 del territorio, attraverso una programmazione che alterna teatro, musica e altre esperienze artistiche. \u00a0<\/em><em>\u00a0In dodici edizioni Lunarte \u00e8 cresciuto grazie al pubblico, agli abitanti di Carinola e alla passione di tutti gli artisti e i partner che ogni anno partecipano.<\/em><em>\u201d<\/em><\/p>\n<p><img fetchpriority=\"high\" decoding=\"async\" class=\"alignright size-full wp-image-20243\" src=\"https:\/\/www.thereportzone.it\/wp-content\/uploads\/2018\/08\/IMG_20180817_164549.png\" alt=\"\" width=\"1080\" height=\"824\" \/><br \/>\n<img decoding=\"async\" class=\"alignright size-full wp-image-20239\" src=\"https:\/\/www.thereportzone.it\/wp-content\/uploads\/2018\/08\/IMG_20180817_164715.png\" alt=\"\" width=\"1080\" height=\"758\" \/><br \/>\n<img decoding=\"async\" class=\"alignright size-full wp-image-20242\" src=\"https:\/\/www.thereportzone.it\/wp-content\/uploads\/2018\/08\/IMG_20180817_164610.png\" alt=\"\" width=\"1080\" height=\"777\" \/><br \/>\n<img loading=\"lazy\" decoding=\"async\" class=\"alignright size-full wp-image-20241\" src=\"https:\/\/www.thereportzone.it\/wp-content\/uploads\/2018\/08\/IMG_20180817_164634.png\" alt=\"\" width=\"1080\" height=\"785\" \/><\/p>\n","protected":false},"excerpt":{"rendered":"<p>&nbsp; &nbsp; CULTURA. Torna per il dodicesimo anno consecutivo Lunarte, il festival che unisce cultura e territorio per<\/p>\n","protected":false},"author":2,"featured_media":20245,"comment_status":"closed","ping_status":"closed","sticky":false,"template":"","format":"standard","meta":{"sfsi_plus_gutenberg_text_before_share":"","sfsi_plus_gutenberg_show_text_before_share":"","sfsi_plus_gutenberg_icon_type":"","sfsi_plus_gutenberg_icon_alignemt":"","sfsi_plus_gutenburg_max_per_row":"","footnotes":""},"categories":[2973,6,10,4],"tags":[],"class_list":["post-20293","post","type-post","status-publish","format-standard","has-post-thumbnail","hentry","category-carinola","category-caserta","category-cultura","category-falciano"],"_links":{"self":[{"href":"https:\/\/www.thereportzone.it\/index.php?rest_route=\/wp\/v2\/posts\/20293"}],"collection":[{"href":"https:\/\/www.thereportzone.it\/index.php?rest_route=\/wp\/v2\/posts"}],"about":[{"href":"https:\/\/www.thereportzone.it\/index.php?rest_route=\/wp\/v2\/types\/post"}],"author":[{"embeddable":true,"href":"https:\/\/www.thereportzone.it\/index.php?rest_route=\/wp\/v2\/users\/2"}],"replies":[{"embeddable":true,"href":"https:\/\/www.thereportzone.it\/index.php?rest_route=%2Fwp%2Fv2%2Fcomments&post=20293"}],"version-history":[{"count":0,"href":"https:\/\/www.thereportzone.it\/index.php?rest_route=\/wp\/v2\/posts\/20293\/revisions"}],"wp:featuredmedia":[{"embeddable":true,"href":"https:\/\/www.thereportzone.it\/index.php?rest_route=\/"}],"wp:attachment":[{"href":"https:\/\/www.thereportzone.it\/index.php?rest_route=%2Fwp%2Fv2%2Fmedia&parent=20293"}],"wp:term":[{"taxonomy":"category","embeddable":true,"href":"https:\/\/www.thereportzone.it\/index.php?rest_route=%2Fwp%2Fv2%2Fcategories&post=20293"},{"taxonomy":"post_tag","embeddable":true,"href":"https:\/\/www.thereportzone.it\/index.php?rest_route=%2Fwp%2Fv2%2Ftags&post=20293"}],"curies":[{"name":"wp","href":"https:\/\/api.w.org\/{rel}","templated":true}]}}