{"id":20284,"date":"2018-08-25T14:23:43","date_gmt":"2018-08-25T12:23:43","guid":{"rendered":"https:\/\/www.thereportzone.it\/?p=20284"},"modified":"2018-08-25T14:23:43","modified_gmt":"2018-08-25T12:23:43","slug":"falciano-polo-culturale-ager-falernus-il-rilancio-del-turismo-passa-da-qui","status":"publish","type":"post","link":"https:\/\/www.thereportzone.it\/?p=20284","title":{"rendered":"FALCIANO &#8211; Polo Culturale Ager Falernus: il rilancio del turismo passa da qui"},"content":{"rendered":"<p>&nbsp;<br \/>\n&nbsp;<br \/>\n<strong>FALCIANO<\/strong>. L&#8217;apertura del Polo Culturale Ager Falernus andr\u00e0 a rappresentare per Falciano del Massico una base solida per il rilancio turistico, per la conoscenza culturale del territorio e per tutta una serie di attivit\u00e0 volte alla rivitalizzazione di un interno comune.<br \/>\n\u00c8 passata per l&#8217;ultimo consiglio comunale la delibera per l&#8217;apertura del Polo Culturale dunque, a breve, si assister\u00e0 l taglio del nastro in via San Martino a Monte. Un&#8217;apertura attesa in quanto, il Polo, sar\u00e0 un centro polifunzionale, culturale, sociale, che consentir\u00e0 una serie di attivit\u00e0. Sar\u00e0 allo stesso tempo un museo ed un centro\u00a0 che potr\u00e0 essere vissuto da tutti i cittadini. A tal proposito, il sindaco Ing. <em><strong>Giovanni Erasmo Fava<\/strong><\/em>, a nome dell&#8217;intera squadra Falciano Bene Comune, ha dichiarato: &#8220;Sar\u00e0 una struttura aperta ed usufruibile da tutti i cittadini. Grazie al Polo Culturale Ager Falernus saranno messe in atto una serie di attivit\u00e0. In principal modo, si punter\u00e0 a creare un centro di riferimento turistico e di continua promozione del territorio e di tutte le virt\u00f9 di Falciano del Massico, compresi i suoi prodotti&#8221;. Insomma, un vero e proprio punto di riferimento per i cittadini e per i turisti provenienti fa fuori. Sulla tematica era intervenuta anche la vice sindaco Prof. <em><strong>Maria Palmina Manica<\/strong><\/em>: &#8220;Con l&#8217;approvazione in Consiglio Comunale relativo all&#8217;Istituzione del Polo Culturale Ager Falernus, si testimonia, senza dubbio, ulteriormente la volont\u00e0 di questa Amministrazione di fornire servizi utili alla popolazione e rendere fruibile la struttura sita in via San Martino a Monte, promuovendo il coinvolgimento di tutti i cittadini con mostre, convegni, dibattiti pubblici e ogni altra attivit\u00e0 di interesse pubblico&#8221;. Grande attesa, dunque, per l&#8217;apertura.<\/p>\n","protected":false},"excerpt":{"rendered":"<p>&nbsp; &nbsp; FALCIANO. L&#8217;apertura del Polo Culturale Ager Falernus andr\u00e0 a rappresentare per Falciano del Massico una base<\/p>\n","protected":false},"author":2,"featured_media":18742,"comment_status":"closed","ping_status":"closed","sticky":false,"template":"","format":"standard","meta":{"sfsi_plus_gutenberg_text_before_share":"","sfsi_plus_gutenberg_show_text_before_share":"","sfsi_plus_gutenberg_icon_type":"","sfsi_plus_gutenberg_icon_alignemt":"","sfsi_plus_gutenburg_max_per_row":"","footnotes":""},"categories":[10,4,9],"tags":[],"class_list":["post-20284","post","type-post","status-publish","format-standard","has-post-thumbnail","hentry","category-cultura","category-falciano","category-politica"],"_links":{"self":[{"href":"https:\/\/www.thereportzone.it\/index.php?rest_route=\/wp\/v2\/posts\/20284"}],"collection":[{"href":"https:\/\/www.thereportzone.it\/index.php?rest_route=\/wp\/v2\/posts"}],"about":[{"href":"https:\/\/www.thereportzone.it\/index.php?rest_route=\/wp\/v2\/types\/post"}],"author":[{"embeddable":true,"href":"https:\/\/www.thereportzone.it\/index.php?rest_route=\/wp\/v2\/users\/2"}],"replies":[{"embeddable":true,"href":"https:\/\/www.thereportzone.it\/index.php?rest_route=%2Fwp%2Fv2%2Fcomments&post=20284"}],"version-history":[{"count":0,"href":"https:\/\/www.thereportzone.it\/index.php?rest_route=\/wp\/v2\/posts\/20284\/revisions"}],"wp:featuredmedia":[{"embeddable":true,"href":"https:\/\/www.thereportzone.it\/index.php?rest_route=\/"}],"wp:attachment":[{"href":"https:\/\/www.thereportzone.it\/index.php?rest_route=%2Fwp%2Fv2%2Fmedia&parent=20284"}],"wp:term":[{"taxonomy":"category","embeddable":true,"href":"https:\/\/www.thereportzone.it\/index.php?rest_route=%2Fwp%2Fv2%2Fcategories&post=20284"},{"taxonomy":"post_tag","embeddable":true,"href":"https:\/\/www.thereportzone.it\/index.php?rest_route=%2Fwp%2Fv2%2Ftags&post=20284"}],"curies":[{"name":"wp","href":"https:\/\/api.w.org\/{rel}","templated":true}]}}