{"id":20273,"date":"2018-08-21T17:56:42","date_gmt":"2018-08-21T15:56:42","guid":{"rendered":"https:\/\/www.thereportzone.it\/?p=20273"},"modified":"2018-08-21T17:56:42","modified_gmt":"2018-08-21T15:56:42","slug":"nocelleto-paura-in-pieno-centro-cade-una-luminaria","status":"publish","type":"post","link":"https:\/\/www.thereportzone.it\/?p=20273","title":{"rendered":"NOCELLETO &#8211; Paura in pieno centro, cade una luminaria"},"content":{"rendered":"<p>&nbsp;<br \/>\n&nbsp;<br \/>\n<strong>NOCELLETO<\/strong>. Paura questo pomeriggio a Nocelleto di Carinola dove, per via del maltempo, una luminaria \u00e8 caduta dai pali di sostegno. Come si deduce dalla foto la grossa struttura \u00e8 arrivata gi\u00f9 fino alla strada rappresentando pericolo per pedoni ed automobilisti che transitavano. Situazione da non sottovalutare quella della caduta delle luminarie anche alla luce di quanto accaduto qualche mese fa a Sessa Aurunca, dove la caduta della grossa struttura in legno provoc\u00f2 prima il ferimento e poi la morte di un anziano del posto. Sul caso in questione, tuttavia, sembrerebbero non esserci stati feriti. Qui di seguito la foto.<br \/>\n<img fetchpriority=\"high\" decoding=\"async\" class=\"alignright size-full wp-image-20274\" src=\"https:\/\/www.thereportzone.it\/wp-content\/uploads\/2018\/08\/IMG-20180821-WA0050.jpg\" alt=\"\" width=\"1600\" height=\"903\" \/><\/p>\n","protected":false},"excerpt":{"rendered":"<p>&nbsp; &nbsp; NOCELLETO. Paura questo pomeriggio a Nocelleto di Carinola dove, per via del maltempo, una luminaria \u00e8<\/p>\n","protected":false},"author":2,"featured_media":20274,"comment_status":"closed","ping_status":"closed","sticky":false,"template":"","format":"standard","meta":{"sfsi_plus_gutenberg_text_before_share":"","sfsi_plus_gutenberg_show_text_before_share":"","sfsi_plus_gutenberg_icon_type":"","sfsi_plus_gutenberg_icon_alignemt":"","sfsi_plus_gutenburg_max_per_row":"","footnotes":""},"categories":[2973,8],"tags":[],"class_list":["post-20273","post","type-post","status-publish","format-standard","has-post-thumbnail","hentry","category-carinola","category-cronaca"],"_links":{"self":[{"href":"https:\/\/www.thereportzone.it\/index.php?rest_route=\/wp\/v2\/posts\/20273"}],"collection":[{"href":"https:\/\/www.thereportzone.it\/index.php?rest_route=\/wp\/v2\/posts"}],"about":[{"href":"https:\/\/www.thereportzone.it\/index.php?rest_route=\/wp\/v2\/types\/post"}],"author":[{"embeddable":true,"href":"https:\/\/www.thereportzone.it\/index.php?rest_route=\/wp\/v2\/users\/2"}],"replies":[{"embeddable":true,"href":"https:\/\/www.thereportzone.it\/index.php?rest_route=%2Fwp%2Fv2%2Fcomments&post=20273"}],"version-history":[{"count":0,"href":"https:\/\/www.thereportzone.it\/index.php?rest_route=\/wp\/v2\/posts\/20273\/revisions"}],"wp:featuredmedia":[{"embeddable":true,"href":"https:\/\/www.thereportzone.it\/index.php?rest_route=\/"}],"wp:attachment":[{"href":"https:\/\/www.thereportzone.it\/index.php?rest_route=%2Fwp%2Fv2%2Fmedia&parent=20273"}],"wp:term":[{"taxonomy":"category","embeddable":true,"href":"https:\/\/www.thereportzone.it\/index.php?rest_route=%2Fwp%2Fv2%2Fcategories&post=20273"},{"taxonomy":"post_tag","embeddable":true,"href":"https:\/\/www.thereportzone.it\/index.php?rest_route=%2Fwp%2Fv2%2Ftags&post=20273"}],"curies":[{"name":"wp","href":"https:\/\/api.w.org\/{rel}","templated":true}]}}