{"id":20145,"date":"2018-08-04T11:59:52","date_gmt":"2018-08-04T09:59:52","guid":{"rendered":"https:\/\/www.thereportzone.it\/?p=20145"},"modified":"2018-08-04T11:59:52","modified_gmt":"2018-08-04T09:59:52","slug":"falciano-primo-comune-della-provincia-ottimo-risultato-70mila-e-dalla-regione-per-il-falerno-fest-ed-altri-eventi-culturali-de-santis-entusiasta","status":"publish","type":"post","link":"https:\/\/www.thereportzone.it\/?p=20145","title":{"rendered":"FALCIANO &#8211; Primo Comune della Provincia, ottimo risultato: 70mila \u20ac dalla Regione per il Falerno Fest ed altri eventi culturali. De Santis entusiasta"},"content":{"rendered":"<p>&nbsp;<br \/>\n&nbsp;<br \/>\n<img fetchpriority=\"high\" decoding=\"async\" class=\"size-full wp-image-20150 aligncenter\" src=\"https:\/\/www.thereportzone.it\/wp-content\/uploads\/2018\/08\/Screenshot_20180803-200118.png\" alt=\"\" width=\"1080\" height=\"1920\" \/><br \/>\n<strong>FALCIANO<\/strong>.\u00a0Ancora una grande notizia per il Comune di Falciano del Massico. Un premio vero e proprio quello che giunge dalla Regione Campania: ben 70 mila euro da investire per i grandi eventi FALERNO FEST e Natale a Falciano ed in altre attivit\u00e0 culturali. Ma non \u00e8 tutto. Come si evince dal BURC della Regione Campania, Falciano del Massico \u00e8 andato a classificarsi quinto in Campania e primo in Provincia di Caserta per l&#8217;importanza che tale progetto di eventi rappresenta. \u201cUn punto fermo della nostra azione amministrativa \u00e8 la valorizzazione del territorio e dei propri prodotti con lo svolgimento di eventi di grossa portata. Un piccolo Paese come Falciano sta riuscendo con l\u2019organizzazione di importanti iniziative come la \u201cFalerno Fest\u201d ed il \u201cNatale a Falciano\u201d ad essere al centro dei grandi eventi della Regione Campania con un forte impatto mediatico. Questo contributo regionale dar\u00e0 ancora pi\u00f9 forza a Falciano del Massico. Grazie a chi ha creduto in noi\u201d, cos\u00ec il Sindaco di Falciano del Massico Ing. <strong>Giovanni Erasmo Fava.<\/strong><br \/>\n&#8220;Una notizia che ci aspettavamo ma, ovviamente, adesso che \u00e8 giunta, c&#8217;\u00e8 soltanto da esultare. Grazie al meticoloso lavoro svolto sin dal primo giorno del nostro insediamento, io personalmente, insieme a tutta la squadra di cui faccio parte, Falciano Bene Comune, siamo riusciti a dare lustro al nostro territorio grazie alle risorse che lo stesso pu\u00f2 offrire. Un risultato che ci inorgoglisce ma che, tuttavia, rappresenta per noi soltanto l&#8217;inizio di un lungo percorso culturale che Falciano del Massico finalmente potr\u00e0 intraprendere. Il FALERNO FEST prima di tutto, ma sono tantissime altre le virt\u00f9 di questo territorio che riporteremo alla luce: olio di oliva, storia e conoscenza culturale delle tradizioni. Un grande risultato ed uno stimolo in pi\u00f9 per crescere ancora&#8221;. Queste le dichiarazioni del Consigliere Comunale delegato agli eventi <strong>Geppino De Santis.\u00a0<\/strong>Molto soddisfatto del risultato ottenuto anche il Capogruppo di Maggioranza <strong>Corrado Freddino<\/strong> \u201cTale contributo servir\u00e0 sicuramente a dare uno slancio maggiore ai nostri grandi eventi. Il duro e puntuale lavoro che stiamo compiendo nel reperire fondi in tutti i settori sta iniziando a dare i primi frutti e sicuramente questa \u00e8 una grande opportunit\u00e0 concessa alla comunit\u00e0 Falcianese che si appresta a vivere un altro fine anno davvero eccezionale. Il bene di Falciano prima di tutto\u201d.<br \/>\n<figure id=\"attachment_18741\" aria-describedby=\"caption-attachment-18741\" style=\"width: 350px\" class=\"wp-caption aligncenter\"><img decoding=\"async\" class=\"size-full wp-image-18741\" src=\"https:\/\/www.thereportzone.it\/wp-content\/uploads\/2018\/03\/28BD578C-A4C9-4496-92A9-FB0493571AF5.jpeg\" alt=\"\" width=\"350\" height=\"475\" \/><figcaption id=\"caption-attachment-18741\" class=\"wp-caption-text\">Corrado Freddino<\/figcaption><\/figure><\/p>\n","protected":false},"excerpt":{"rendered":"<p>&nbsp; &nbsp; FALCIANO.\u00a0Ancora una grande notizia per il Comune di Falciano del Massico. Un premio vero e proprio<\/p>\n","protected":false},"author":2,"featured_media":20001,"comment_status":"closed","ping_status":"closed","sticky":false,"template":"","format":"standard","meta":{"sfsi_plus_gutenberg_text_before_share":"","sfsi_plus_gutenberg_show_text_before_share":"","sfsi_plus_gutenberg_icon_type":"","sfsi_plus_gutenberg_icon_alignemt":"","sfsi_plus_gutenburg_max_per_row":"","footnotes":""},"categories":[10,4,9],"tags":[],"class_list":["post-20145","post","type-post","status-publish","format-standard","has-post-thumbnail","hentry","category-cultura","category-falciano","category-politica"],"_links":{"self":[{"href":"https:\/\/www.thereportzone.it\/index.php?rest_route=\/wp\/v2\/posts\/20145"}],"collection":[{"href":"https:\/\/www.thereportzone.it\/index.php?rest_route=\/wp\/v2\/posts"}],"about":[{"href":"https:\/\/www.thereportzone.it\/index.php?rest_route=\/wp\/v2\/types\/post"}],"author":[{"embeddable":true,"href":"https:\/\/www.thereportzone.it\/index.php?rest_route=\/wp\/v2\/users\/2"}],"replies":[{"embeddable":true,"href":"https:\/\/www.thereportzone.it\/index.php?rest_route=%2Fwp%2Fv2%2Fcomments&post=20145"}],"version-history":[{"count":0,"href":"https:\/\/www.thereportzone.it\/index.php?rest_route=\/wp\/v2\/posts\/20145\/revisions"}],"wp:featuredmedia":[{"embeddable":true,"href":"https:\/\/www.thereportzone.it\/index.php?rest_route=\/"}],"wp:attachment":[{"href":"https:\/\/www.thereportzone.it\/index.php?rest_route=%2Fwp%2Fv2%2Fmedia&parent=20145"}],"wp:term":[{"taxonomy":"category","embeddable":true,"href":"https:\/\/www.thereportzone.it\/index.php?rest_route=%2Fwp%2Fv2%2Fcategories&post=20145"},{"taxonomy":"post_tag","embeddable":true,"href":"https:\/\/www.thereportzone.it\/index.php?rest_route=%2Fwp%2Fv2%2Ftags&post=20145"}],"curies":[{"name":"wp","href":"https:\/\/api.w.org\/{rel}","templated":true}]}}