{"id":20090,"date":"2018-07-31T10:38:53","date_gmt":"2018-07-31T08:38:53","guid":{"rendered":"https:\/\/www.thereportzone.it\/?p=20090"},"modified":"2018-07-31T10:38:53","modified_gmt":"2018-07-31T08:38:53","slug":"cultura-neidintornidellareggia-sottoscritto-limportante-protocollo-dintesa-nasce-lasse-reggia-terre-del-falerno","status":"publish","type":"post","link":"https:\/\/www.thereportzone.it\/?p=20090","title":{"rendered":"CULTURA &#8211; #NEIDINTORNIDELLAREGGIA, sottoscritto l&#8217;importante protocollo d&#8217;intesa: nasce l&#8217;asse Reggia &#8211; Terre del Falerno"},"content":{"rendered":"<p>&nbsp;<br \/>\n&nbsp;<br \/>\n<strong>CULTURA<\/strong>. Un pomeriggio meraviglioso, con la partecipazione di importantissime cariche istituzionali, come il Direttore Generale della Reggia di Caserta <strong>Mauro Felicori;\u00a0<\/strong>il direttore del Parco Archeologico di Ercolano, <strong>Francesco Sirano;<\/strong>\u00a0<strong>Ferdinando Creta<\/strong>, responsabile Amministrazione, Programmazione e Bilancio della Reggia di Caserta; la Presidente dall&#8217;Associazione Terre del Falerno <strong>Maria Zampi<\/strong> ed i sindaci e gli amministratori degli undici comuni che hanno sottoscritto il protocollo d&#8217;intesa che, di fatto, andr\u00e0 a creare un asse diretto tra Reggia &#8211; Terre del Falerno. A fare da cornice all\u2019importante evento, il monumentale convento di San Francesco, nell\u2019antica frazione di Casanova di Carinola, una delle numerosissime meraviglie architettoniche di cui l\u2019Italia. Questo un piccolo resoconto del progetto\u00a0<strong><em>#NEIDINTORNIDELLAREGGIA<\/em><\/strong>. Momenti di unione e tantissimi buoni propositi per crescere attraverso una rete di comuni, ognuno con le proprie virt\u00f9 e le proprie particolarit\u00e0. Entusiasta la Presidente Maria Zampi che, gi\u00e0 prima dell&#8217;incontro, aveva dichiarato: &#8220;<em>Terre del Falerno\u201d gi\u00e0 da tempo ha avviato una stretta sinergia con la direzione del monumento vanvitelliano. Siamo convinti<\/em> \u2013 spiega la presidente, Maria Zampi &#8211; <em>che i grandi attrattori culturali abbiano anche la potente funzione di vettori per la crescita dell&#8217;interesse del pubblico verso i patrimoni turistici attualmente meno conosciuti. La nostra forza<\/em> \u2013 aggiunge \u2013 <em>\u00e8 rappresentata sicuramente dalla ricchezza del nostro comprensorio che \u00e8 meglio conosciuto come Ager Falernus, oggi custode di una straordinaria e forse unica eredit\u00e0 archeologica data dai resti delle ville rustiche e dei terrazzamenti dove gi\u00e0 duemila anni fa si praticava la coltivazione e la trasformazione delle uve per la produzione di uno dei vini pi\u00f9 pregiati ed apprezzati al mondo<\/em>&#8220;. Tanto entusiasmo anche da parte del Direttore Generale Mauro Felicori che, nel suo intervento, \u00e8 riuscito a tracciare una linea continua capace di abbracciare tutto il territorio, passando per ogni comune che, di esso, fa parte: &#8220;<em>Questo protocollo va inteso come un magnifico inizio, non certo come un traguardo, ma come un trampolino di lancio<\/em>&#8220;.\u00a0Il protocollo d&#8217;intesa intende dar vita a basi collaborative interistituzionali finalizzate alla promozione dei territori\u00a0attraverso una serie di attivit\u00e0 che puntino sulla diversificazione dell&#8217;offerta turistica da proporre al flusso di visitatori di seduzione culturale primaria indotta dal grande attrattore Reggia di Caserta. Siamo lieti di aver potuto partecipare all&#8217;evento. Abbiamo fatto parlare i sindaci che siamo riusciti ad intervistare, abbiamo seguito la conferenza ed abbiamo visitato gli stand dei vari Comuni. Auguri a tutti, e che sia davvero un trampolino di lancio per la crescita\u00a0dell\u2019Ager Falernus, delle Terre Aurunche, delle Terre Sidicine, della costa Domizia, del basso Volturno e\u00a0dell\u2019area vulcanica di Roccamonfina. Tra i presenti\u00a0i sindaci di: Cancello Arnone, Raffaele Ambrosca; Castel Volturno, Dimitri Russo; Cellole, Cristina Compasso; Falciano del Massico, Ing. Giovanni Erasmo Fava; Francolise, Gaetano Tessitore; Grazzanise, Vito Gravante; Roccamonfina, Carlo Montefusco; Sessa Aurunca, Silvio Sasso, Sparanise, Salvatore Martiello; Teano, Alfredo D\u2019Andrea. Alcuni tra i sindaci assenti sono stati rappresentati nelle persone di assessori e vice sindaci. (<em><strong>Nel VIDEO che segue gli interventi dei sindaci che siamo riusciti ad intervistare<\/strong><\/em>)<br \/>\nhttps:\/\/www.facebook.com\/TheReportZone\/videos\/1223916354416053\/<br \/>\n<figure id=\"attachment_20091\" aria-describedby=\"caption-attachment-20091\" style=\"width: 3968px\" class=\"wp-caption aligncenter\"><img fetchpriority=\"high\" decoding=\"async\" class=\"size-full wp-image-20091\" src=\"https:\/\/www.thereportzone.it\/wp-content\/uploads\/2018\/07\/buona.jpg\" alt=\"\" width=\"3968\" height=\"2976\" \/><figcaption id=\"caption-attachment-20091\" class=\"wp-caption-text\">cof<\/figcaption><\/figure><\/p>\n","protected":false},"excerpt":{"rendered":"<p>&nbsp; &nbsp; CULTURA. Un pomeriggio meraviglioso, con la partecipazione di importantissime cariche istituzionali, come il Direttore Generale della<\/p>\n","protected":false},"author":2,"featured_media":20091,"comment_status":"closed","ping_status":"closed","sticky":false,"template":"","format":"standard","meta":{"sfsi_plus_gutenberg_text_before_share":"","sfsi_plus_gutenberg_show_text_before_share":"","sfsi_plus_gutenberg_icon_type":"","sfsi_plus_gutenberg_icon_alignemt":"","sfsi_plus_gutenburg_max_per_row":"","footnotes":""},"categories":[2973,6,2943,10,4,5,9,2968],"tags":[],"class_list":["post-20090","post","type-post","status-publish","format-standard","has-post-thumbnail","hentry","category-carinola","category-caserta","category-cellole","category-cultura","category-falciano","category-mondragone","category-politica","category-sessa-aurunca"],"_links":{"self":[{"href":"https:\/\/www.thereportzone.it\/index.php?rest_route=\/wp\/v2\/posts\/20090"}],"collection":[{"href":"https:\/\/www.thereportzone.it\/index.php?rest_route=\/wp\/v2\/posts"}],"about":[{"href":"https:\/\/www.thereportzone.it\/index.php?rest_route=\/wp\/v2\/types\/post"}],"author":[{"embeddable":true,"href":"https:\/\/www.thereportzone.it\/index.php?rest_route=\/wp\/v2\/users\/2"}],"replies":[{"embeddable":true,"href":"https:\/\/www.thereportzone.it\/index.php?rest_route=%2Fwp%2Fv2%2Fcomments&post=20090"}],"version-history":[{"count":0,"href":"https:\/\/www.thereportzone.it\/index.php?rest_route=\/wp\/v2\/posts\/20090\/revisions"}],"wp:featuredmedia":[{"embeddable":true,"href":"https:\/\/www.thereportzone.it\/index.php?rest_route=\/"}],"wp:attachment":[{"href":"https:\/\/www.thereportzone.it\/index.php?rest_route=%2Fwp%2Fv2%2Fmedia&parent=20090"}],"wp:term":[{"taxonomy":"category","embeddable":true,"href":"https:\/\/www.thereportzone.it\/index.php?rest_route=%2Fwp%2Fv2%2Fcategories&post=20090"},{"taxonomy":"post_tag","embeddable":true,"href":"https:\/\/www.thereportzone.it\/index.php?rest_route=%2Fwp%2Fv2%2Ftags&post=20090"}],"curies":[{"name":"wp","href":"https:\/\/api.w.org\/{rel}","templated":true}]}}