{"id":19880,"date":"2018-07-07T11:45:15","date_gmt":"2018-07-07T09:45:15","guid":{"rendered":"https:\/\/www.thereportzone.it\/?p=19880"},"modified":"2018-07-07T11:45:15","modified_gmt":"2018-07-07T09:45:15","slug":"mondragone-progetti-di-vite-dalla-regione-una-nuova-opportunita-per-i-giovani","status":"publish","type":"post","link":"https:\/\/www.thereportzone.it\/?p=19880","title":{"rendered":"MONDRAGONE &#8211; Progetti di vite, dalla Regione una nuova opportunit\u00e0 per i giovani"},"content":{"rendered":"<p>&nbsp;<br \/>\n&nbsp;<\/p>\n<div dir=\"auto\"><\/div>\n<div dir=\"auto\"><strong>MONDRAGONE<\/strong>. Nasce a Mondragone il primo Centro Polifunzionale Giovanile per la promozione della Cultura di Impresa\u00a0 e della Cittadinanza Attiva che assumer\u00e0 il nome molto evocativo di _Progetti di Vite_ e avr\u00e0 sede presso il<\/div>\n<div dir=\"auto\">settecentesco Palazzo Tarcagnota in Via Vittorio Emanuele, dove \u00e8 gi\u00e0 ubicata la Mediateca Comunale e<\/div>\n<div dir=\"auto\">che arricchir\u00e0 in qualit\u00e0 e in variet\u00e0 i servizi offerti alle nuove generazioni.<\/div>\n<div dir=\"auto\">Il progetto \u00e8 stato finanziato al Comune di Mondragone dalla Regione Campania attraverso le risorse del<\/div>\n<div dir=\"auto\">Fondo Sociale Europeo, programma Benessere Giovani Organizziamoci e preveder\u00e0 un primo ciclo di<\/div>\n<div dir=\"auto\">attivit\u00e0 i cui verranno messi in essere:<\/div>\n<div dir=\"auto\">&#8211; Elaborazione, sulla base di questionari e di interviste somministrate a giovani locali, di relazione<\/div>\n<div dir=\"auto\">sulla composizione comportamentale e sociale delle nuove generazioni locali<\/div>\n<div dir=\"auto\">&#8211; Laboratori relativi a percorsi di sostegno e accompagnamento alla creazione d&#8217;impresa e al lavoro<\/div>\n<div dir=\"auto\">autonomo nonch\u00e9 relativi alla somministrazione di fondamenti informativi e formativi in ordine a<\/div>\n<div dir=\"auto\">profili professionali di nuova domanda nel comparto agroalimentare e vitivinicolo (produttivo, dei<\/div>\n<div dir=\"auto\">servizi e dell\u2019indotto), in quello della conoscenza e della fruizione dei beni culturali nonch\u00e9 in quello<\/div>\n<div dir=\"auto\">turistico connesso e contenente l\u2019offerta ricettiva collegata ai beni paesistici e ai soggiorni costieri e<\/div>\n<div dir=\"auto\">balneari;<\/div>\n<div dir=\"auto\">&#8211; laboratori esperienziali nei quali i giovani, coinvolti nelle attivit\u00e0 del progetto, parteciperanno &#8211;<\/div>\n<div dir=\"auto\">presso le imprese agroalimentari, vitivinicole, dei beni culturali, ricettive e turistiche operanti sul<\/div>\n<div dir=\"auto\">territorio (sia nella produzione che nei servizi e nell\u2019indotto)\u2013 a periodi di training finalizzati<\/div>\n<div dir=\"auto\">all\u2019acquisizione di abilit\u00e0 e conoscenze teoriche e pratiche che potranno favorire la crescita di una<\/div>\n<div dir=\"auto\">pi\u00f9 matura coscienza nelle loro scelte di vita e di lavoro;<\/div>\n<div dir=\"auto\">&#8211; Laboratori educativi, culturali e di animazione giovanile finalizzati all\u2019induzione della<\/div>\n<div dir=\"auto\">consapevolezza dei cittadini al valore del territorio dell\u2019Ager Falernus (l\u2019antico comprensorio<\/div>\n<div dir=\"auto\">agrario e rivierasco attualmente ricompreso nelle giurisdizioni amministrative dei Comuni di<\/div>\n<div dir=\"auto\">Mondragone, Carinola, Cellole, Falciano del Massico e Sessa Aurunca) e in genere delle identit\u00e0<\/div>\n<div dir=\"auto\">territoriali specifiche.<\/div>\n<div dir=\"auto\">Il Centro \u201cProgetti di Vite\u201d, che anche dopo il primo ciclo di attivit\u00e0 (a cui i giovani accederanno mediante<\/div>\n<div dir=\"auto\">una selezione pubblica) permarr\u00e0 nei locali adibiti del Palazzo Tarcagnota quale struttura stabile, sar\u00e0 uno<\/div>\n<div dir=\"auto\">spazio di comunicazione e uno spazio di personalizzazione dove i giovani partecipanti svilupperanno<\/div>\n<div dir=\"auto\">autosufficienza, autostima, autonomia culturale ed emotiva e soprattutto partecipazione aggregativa<\/div>\n<div dir=\"auto\">nell\u2019acquisizione di competenze ed abilit\u00e0. Infatti in essi i giovani riconosceranno pi\u00f9 che un luogo<\/div>\n<div dir=\"auto\">all\u2019acquisizione di nozioni, un luogo di esplorazione e di creativit\u00e0 che, in modo naturale, diventer\u00e0 anche<\/div>\n<div dir=\"auto\">un punto permanente di socializzazione e di cooperazione dove valorizzare momenti intenzionali di<\/div>\n<div dir=\"auto\">interattivit\u00e0 intellettuale ed umana.<\/div>\n<div dir=\"auto\">Alla fine dei percorsi laboratoriali di apprendimento e delle work \u2013experience, ci si attende che<\/div>\n<div dir=\"auto\">dall\u2019iniziativa dei giovani partecipanti nascano almeno 5 aziende nel comparto della produzione<\/div>\n<div dir=\"auto\">enogastronomica e del turismo. Tali aziende, nei primi sei mesi di incubazione, saranno ospitate gratuitamente in spazi di con-working, ricavati sempre all\u2019interno del Palazzo Tarcagnota e dotati di<\/div>\n<div dir=\"auto\">attrezzature e arredi comuni.<\/div>\n<div dir=\"auto\">Importanti saranno anche i laboratori di cittadinanza attiva, che si sostanzieranno in 6 cosiddetti focus<\/div>\n<div dir=\"auto\">group, che coinvolgeranno, sia in presenza sia con modalit\u00e0 telemetiche, circa 120 persone appartenenti<\/div>\n<div dir=\"auto\">ad spettro statistico completo, ossia per \u00e8t\u00e0 (esempio, 16-18 anni, 19-25 anni, 26-30 anni, 31-35 anni), per<\/div>\n<div dir=\"auto\">sesso, per livello di scolarit\u00e0 (esempio, privi di titoli oltre l\u2019obbligo scolastico e formativo, diplomati,<\/div>\n<div dir=\"auto\">laureati, masterizzati, ecc), per categorie sociali (esempio, censo familiare e individuale, grado di<\/div>\n<div dir=\"auto\">inserimento nella socialit\u00e0 diffusa, ecc). Nei focus group si punter\u00e0 alla somministrazione delle conoscenze<\/div>\n<div dir=\"auto\">necessarie al recupero, da parte della cittadinanza, dell\u2019autoriconoscimento identitario del proprio<\/div>\n<div dir=\"auto\">abitare in luoghi con generalit\u00e0 ed anagrafica specifica. Tali estremi anagrafici e i tratti delle generalit\u00e0 dei<\/div>\n<div dir=\"auto\">circondari abitati sono di fatti, nella maggior parte dei casi e nel territorio in parola in particolare, il pi\u00f9<\/div>\n<div dir=\"auto\">\u00a0delle volte misconosciuti o disconosciuti.<\/div>\n<div dir=\"auto\">Progetti di Vite \u00e8 stato fortemente voluto dall\u2019Amministrazione Comunale di Mondragone che ha<\/div>\n<div dir=\"auto\">pianificato le attivit\u00e0 congiuntamente all\u2019associazione Terre del Falerno, organizzazione che unisce i<\/div>\n<div dir=\"auto\">Comuni di Carinola, Cellole, Falciano del Massico, Mondragone e Sessa Aurunca nonch\u00e9 produttori<\/div>\n<div dir=\"auto\">vitivinicoli e agroalimentari della zona, associazioni di categoria datoriali e sindacali, istituzioni culturali e<\/div>\n<div dir=\"auto\">organizzazioni di promozione territoriale.<\/div>\n<div dir=\"auto\">A Terre del Falerno, ed in particolare alla sua presidente Maria Zampi, \u00e8 stato affidato il Coordinamento<\/div>\n<div dir=\"auto\">Generale del progetto.<\/div>\n<div dir=\"auto\">Centrale, tra i partner di progetto, sar\u00e0 l\u2019ARCI MONDRAGONE che, in qualit\u00e0 di associazione giovanile, sar\u00e0<\/div>\n<div dir=\"auto\">il punto di riferimento per la categoria di destinatari e di frequentatori del centro, sia nel primo ciclo di<\/div>\n<div dir=\"auto\">\u00a0attivit\u00e0 sia in quelle future.<\/div>\n<div dir=\"auto\">Gli altri partner del prima successione di laboratori sono le associazioni di categoria CNA Caserta,<\/div>\n<div dir=\"auto\">CONFCOMMERCIO Caserta , CIA Terra Felix e ASSORETI PMI, l\u2019organizzazione sindacale CGIL Caserta, gli<\/div>\n<div dir=\"auto\">\u00a0organismi di orientamento e formazione professionale ELEA ACADEMY e FUTURA, le cooperative sociali<\/div>\n<div dir=\"auto\">\u00a0GREEN, DAMARE e C.B.T. BENTESSERE, la Pro Loco Mondragone e la Pro Loco LA ROCCA DEL DRAGO, il<\/div>\n<div dir=\"auto\">CIRCOLO LEGAMBIENTE DI MONDRAGONE, le aziende vitivinicole VITICOLTORI MIGLIOZZI di Carinola,<\/div>\n<div dir=\"auto\">REGINA VIARUM di Falciano del Massico, VOLPARA VINI di Sessa Aurunca, VITIS AURUNCA di Cellole, il<\/div>\n<div dir=\"auto\">resort Italy Village La Serra di Baia Domizia, l\u2019Agenzia di Viaggi e Tour Operator DOMIZIA INCOMING di<\/div>\n<div dir=\"auto\">Baia Domizia, l\u2019Istituto Scolastico Alberghiero IPSARRT di Teano.<\/div>\n<div dir=\"auto\">La presentazione di Progetti di Vite si \u00e8 tenuta in una conferenza\u00a0 Marted\u00ec 3 Luglio 2018, presso il Museo Civico Archeologico di Mondragone (via Genova 9) alla presenza del Sindaco di<\/div>\n<div dir=\"auto\">Mondragone Virgilio Pacifico, del Consigliere Regionale Giovanni Zannini, della Consigliera delegata alla<\/div>\n<div dir=\"auto\">Politiche Giovanili Concetta Sciaudone, del Responsabile Area Amministrativa V Sociale e Culturale del<\/div>\n<div dir=\"auto\">Comune di Mondragone Edoardo Vignale, del Presidente di Terre del Falerno e Coordinatrice Generale<\/div>\n<div dir=\"auto\">del Progetto Maria Zampi, del Presidente di Arci Mondragone Gianni Gravano e del Consigliere Comunale<\/div>\n<div dir=\"auto\">Alessandro Rizzieri che coordiner\u00e0 il dibattito.<\/div>\n","protected":false},"excerpt":{"rendered":"<p>&nbsp; &nbsp; MONDRAGONE. Nasce a Mondragone il primo Centro Polifunzionale Giovanile per la promozione della Cultura di Impresa\u00a0<\/p>\n","protected":false},"author":2,"featured_media":13157,"comment_status":"closed","ping_status":"closed","sticky":false,"template":"","format":"standard","meta":{"sfsi_plus_gutenberg_text_before_share":"","sfsi_plus_gutenberg_show_text_before_share":"","sfsi_plus_gutenberg_icon_type":"","sfsi_plus_gutenberg_icon_alignemt":"","sfsi_plus_gutenburg_max_per_row":"","footnotes":""},"categories":[10,5,9],"tags":[],"class_list":["post-19880","post","type-post","status-publish","format-standard","has-post-thumbnail","hentry","category-cultura","category-mondragone","category-politica"],"_links":{"self":[{"href":"https:\/\/www.thereportzone.it\/index.php?rest_route=\/wp\/v2\/posts\/19880"}],"collection":[{"href":"https:\/\/www.thereportzone.it\/index.php?rest_route=\/wp\/v2\/posts"}],"about":[{"href":"https:\/\/www.thereportzone.it\/index.php?rest_route=\/wp\/v2\/types\/post"}],"author":[{"embeddable":true,"href":"https:\/\/www.thereportzone.it\/index.php?rest_route=\/wp\/v2\/users\/2"}],"replies":[{"embeddable":true,"href":"https:\/\/www.thereportzone.it\/index.php?rest_route=%2Fwp%2Fv2%2Fcomments&post=19880"}],"version-history":[{"count":0,"href":"https:\/\/www.thereportzone.it\/index.php?rest_route=\/wp\/v2\/posts\/19880\/revisions"}],"wp:featuredmedia":[{"embeddable":true,"href":"https:\/\/www.thereportzone.it\/index.php?rest_route=\/"}],"wp:attachment":[{"href":"https:\/\/www.thereportzone.it\/index.php?rest_route=%2Fwp%2Fv2%2Fmedia&parent=19880"}],"wp:term":[{"taxonomy":"category","embeddable":true,"href":"https:\/\/www.thereportzone.it\/index.php?rest_route=%2Fwp%2Fv2%2Fcategories&post=19880"},{"taxonomy":"post_tag","embeddable":true,"href":"https:\/\/www.thereportzone.it\/index.php?rest_route=%2Fwp%2Fv2%2Ftags&post=19880"}],"curies":[{"name":"wp","href":"https:\/\/api.w.org\/{rel}","templated":true}]}}