{"id":19793,"date":"2018-07-01T13:31:21","date_gmt":"2018-07-01T11:31:21","guid":{"rendered":"https:\/\/www.thereportzone.it\/?p=19793"},"modified":"2018-07-01T13:31:21","modified_gmt":"2018-07-01T11:31:21","slug":"mondragone-la-proposta-di-pacifico-intitolare-il-centro-diabetologico-a-mimmo-papa","status":"publish","type":"post","link":"https:\/\/www.thereportzone.it\/?p=19793","title":{"rendered":"MONDRAGONE &#8211; La proposta di Pacifico: intitolare il centro Diabetologico a Mimmo Papa"},"content":{"rendered":"<p>&nbsp;<br \/>\n&nbsp;<br \/>\n&nbsp;<br \/>\n<strong>MONDRAGONE<\/strong>. &#8220;Il centro Diabetologico di Mondragone rappresenter\u00e0 un&#8217;eccellenza a livello regionale&#8221;. Cos\u00ec il Sindaco Virgilio Pacifico tornando sul tema del nuovo centro Diabetologico di Mondragone, inaugurato presso i locali cittadini dell&#8217;Asl, alla presenza del consigliere regionale Giovanni Zannini, del Direttore Resp. D. S. 23 Severo Stefanelli e del Direttore generale dell&#8217;Asl Caserta Mario De Biase. &#8220;Intitolare i locali del nuovo centro Diabetologico alla memoria del collega e amico Domenico Papa, significherebbe &#8211; continua il sindaco Pacifico &#8211; rendere omaggio ad un uomo la cui vita \u00e8 stata improntata totalmente allo spirito di servizio verso l&#8217;altro, in particolare i pi\u00f9 deboli, non solo nell&#8217;ambito professionale ma anche nelle numerose attivit\u00e0 sociali di cui Mimmo era protagonista.&#8221;<\/p>\n","protected":false},"excerpt":{"rendered":"<p>&nbsp; &nbsp; &nbsp; MONDRAGONE. &#8220;Il centro Diabetologico di Mondragone rappresenter\u00e0 un&#8217;eccellenza a livello regionale&#8221;. Cos\u00ec il Sindaco Virgilio<\/p>\n","protected":false},"author":2,"featured_media":19730,"comment_status":"closed","ping_status":"closed","sticky":false,"template":"","format":"standard","meta":{"sfsi_plus_gutenberg_text_before_share":"","sfsi_plus_gutenberg_show_text_before_share":"","sfsi_plus_gutenberg_icon_type":"","sfsi_plus_gutenberg_icon_alignemt":"","sfsi_plus_gutenburg_max_per_row":"","footnotes":""},"categories":[10,5,9],"tags":[],"class_list":["post-19793","post","type-post","status-publish","format-standard","has-post-thumbnail","hentry","category-cultura","category-mondragone","category-politica"],"_links":{"self":[{"href":"https:\/\/www.thereportzone.it\/index.php?rest_route=\/wp\/v2\/posts\/19793"}],"collection":[{"href":"https:\/\/www.thereportzone.it\/index.php?rest_route=\/wp\/v2\/posts"}],"about":[{"href":"https:\/\/www.thereportzone.it\/index.php?rest_route=\/wp\/v2\/types\/post"}],"author":[{"embeddable":true,"href":"https:\/\/www.thereportzone.it\/index.php?rest_route=\/wp\/v2\/users\/2"}],"replies":[{"embeddable":true,"href":"https:\/\/www.thereportzone.it\/index.php?rest_route=%2Fwp%2Fv2%2Fcomments&post=19793"}],"version-history":[{"count":0,"href":"https:\/\/www.thereportzone.it\/index.php?rest_route=\/wp\/v2\/posts\/19793\/revisions"}],"wp:featuredmedia":[{"embeddable":true,"href":"https:\/\/www.thereportzone.it\/index.php?rest_route=\/"}],"wp:attachment":[{"href":"https:\/\/www.thereportzone.it\/index.php?rest_route=%2Fwp%2Fv2%2Fmedia&parent=19793"}],"wp:term":[{"taxonomy":"category","embeddable":true,"href":"https:\/\/www.thereportzone.it\/index.php?rest_route=%2Fwp%2Fv2%2Fcategories&post=19793"},{"taxonomy":"post_tag","embeddable":true,"href":"https:\/\/www.thereportzone.it\/index.php?rest_route=%2Fwp%2Fv2%2Ftags&post=19793"}],"curies":[{"name":"wp","href":"https:\/\/api.w.org\/{rel}","templated":true}]}}