{"id":19652,"date":"2018-06-17T10:43:28","date_gmt":"2018-06-17T08:43:28","guid":{"rendered":"https:\/\/www.thereportzone.it\/?p=19652"},"modified":"2018-06-17T10:43:28","modified_gmt":"2018-06-17T08:43:28","slug":"falciano-1-corso-vino-e-olio-una-grande-iniziativa-voluta-da-falciano-bene-comune-insieme-agli-imprenditori-locali","status":"publish","type":"post","link":"https:\/\/www.thereportzone.it\/?p=19652","title":{"rendered":"FALCIANO &#8211; 1\u00b0 Corso Vino e Olio, una grande iniziativa voluta da Falciano Bene Comune insieme agli imprenditori locali"},"content":{"rendered":"<p>&nbsp;<br \/>\n&nbsp;<br \/>\n<strong>FALCIANO<\/strong>. &#8220;<em>Sar\u00e0 una grande iniziativa che andr\u00e0 a dare maggiore importanza ai nostri prodotti principali ma, soprattutto, potr\u00e0 essere un motivo, per molti, di conoscere la vera storia del nostro territorio<\/em>&#8220;. Queste, in sintesi, le parole del Consigliere <strong>Geppino De Santis<\/strong> che, ieri mattina, ha aperto la conferenza stampa sul &#8220;<em>1\u00b0 Corso Vino \/ Olio<\/em>&#8220;. Una conferenza stampa che si \u00e8 svolta presso la sala consiliare in presenza del sindaco<strong> Ing. Giovanni Erasmo Fava.<\/strong> Erano presenti, inoltre, <strong>Antonio Papa<\/strong>, di Cantine Papa, <strong>Sergio Rea<\/strong>, Parea Group e <strong>Marcello Tozzi<\/strong>, da Radio Kiss Kiss, in qualit\u00e0 di moderatore e presentatore. Una iniziativa importante, quella del Corso Vino \/ Olio che avr\u00e0 come punto cardine la valorizzazione del vino Falerno, dell&#8217;olio di oliva e dell&#8217;intero territorio in generale. Le parole del sindaco Ing. Giovanni Erasmo Fava, infatti, sono passate proprio per questi argomenti. In sintesi: &#8220;<em>L&#8217;intenzione \u00e8 quella di creare un circuito ampio attorno al Vino Falerno. Per fare ci\u00f2 \u00e8 importante superare le piccole competizioni e lavorare concretamente ad una crescita equilibrata di tutti i produttori del Falerno. Questa iniziativa sar\u00e0 utile in tal senso e andr\u00e0 a formare chiunque voglia parteciparvi, ad una adeguata conoscenza di questo prodotto&#8221;. L<\/em>a parola, poi, \u00e8 passata ad Antonio Papa, tra gli ideatori e gli organizzatori del Corso. Sar\u00e0 lui &#8220;l&#8217;insegnante&#8221;\u00a0 nell&#8217;arco degli incontri ed ha lasciato subito intuire che\u00a0 fatta conoscenza storica e pratica del Vino Falerno, non soltanto degustazioni ma, soprattutto, nozioni importanti per un corretto approccio. Insomma, un Corso ampio e ben organizzato, voluto dall&#8217;amministrazione comunale, con il sindaco Ing Giovanni Erasmo Fava, il consigliere Geppino De Santis e Falciano Bene Comune tutta, in concomitanza con gli imprenditori locali: Cantine Papa, Parea Group.<br \/>\nSergio Rea, anch&#8217;egli organizzatore del corso, accoglier\u00e0 i partecipanti presso il meraviglioso Elysium Village, luogo in cui si svolgeranno tutti gli incontri. Qui di seguito la locandina ufficiale ove attingere ulteriori informazioni. Complimenti a tutti coloro i quali hanno ideato ed organizzato tale iniziativa.<br \/>\n<img fetchpriority=\"high\" decoding=\"async\" class=\"alignright size-full wp-image-19653\" src=\"https:\/\/www.thereportzone.it\/wp-content\/uploads\/2018\/06\/IMG-20180616-WA0028.jpg\" alt=\"\" width=\"1131\" height=\"1600\" \/><\/p>\n","protected":false},"excerpt":{"rendered":"<p>&nbsp; &nbsp; FALCIANO. &#8220;Sar\u00e0 una grande iniziativa che andr\u00e0 a dare maggiore importanza ai nostri prodotti principali ma,<\/p>\n","protected":false},"author":2,"featured_media":19654,"comment_status":"closed","ping_status":"closed","sticky":false,"template":"","format":"standard","meta":{"sfsi_plus_gutenberg_text_before_share":"","sfsi_plus_gutenberg_show_text_before_share":"","sfsi_plus_gutenberg_icon_type":"","sfsi_plus_gutenberg_icon_alignemt":"","sfsi_plus_gutenburg_max_per_row":"","footnotes":""},"categories":[10,4,9],"tags":[],"class_list":["post-19652","post","type-post","status-publish","format-standard","has-post-thumbnail","hentry","category-cultura","category-falciano","category-politica"],"_links":{"self":[{"href":"https:\/\/www.thereportzone.it\/index.php?rest_route=\/wp\/v2\/posts\/19652"}],"collection":[{"href":"https:\/\/www.thereportzone.it\/index.php?rest_route=\/wp\/v2\/posts"}],"about":[{"href":"https:\/\/www.thereportzone.it\/index.php?rest_route=\/wp\/v2\/types\/post"}],"author":[{"embeddable":true,"href":"https:\/\/www.thereportzone.it\/index.php?rest_route=\/wp\/v2\/users\/2"}],"replies":[{"embeddable":true,"href":"https:\/\/www.thereportzone.it\/index.php?rest_route=%2Fwp%2Fv2%2Fcomments&post=19652"}],"version-history":[{"count":0,"href":"https:\/\/www.thereportzone.it\/index.php?rest_route=\/wp\/v2\/posts\/19652\/revisions"}],"wp:featuredmedia":[{"embeddable":true,"href":"https:\/\/www.thereportzone.it\/index.php?rest_route=\/"}],"wp:attachment":[{"href":"https:\/\/www.thereportzone.it\/index.php?rest_route=%2Fwp%2Fv2%2Fmedia&parent=19652"}],"wp:term":[{"taxonomy":"category","embeddable":true,"href":"https:\/\/www.thereportzone.it\/index.php?rest_route=%2Fwp%2Fv2%2Fcategories&post=19652"},{"taxonomy":"post_tag","embeddable":true,"href":"https:\/\/www.thereportzone.it\/index.php?rest_route=%2Fwp%2Fv2%2Ftags&post=19652"}],"curies":[{"name":"wp","href":"https:\/\/api.w.org\/{rel}","templated":true}]}}