{"id":19622,"date":"2018-06-13T11:31:59","date_gmt":"2018-06-13T09:31:59","guid":{"rendered":"https:\/\/www.thereportzone.it\/?p=19622"},"modified":"2018-06-13T11:31:59","modified_gmt":"2018-06-13T09:31:59","slug":"falciano-del-massico-festa-nazionale-dei-figli-appuntamento-al-15-giugno-il-comune-aderisce","status":"publish","type":"post","link":"https:\/\/www.thereportzone.it\/?p=19622","title":{"rendered":"FALCIANO DEL MASSICO &#8211; FESTA NAZIONALE DEI FIGLI, APPUNTAMENTO AL 15 GIUGNO: IL COMUNE ADERISCE"},"content":{"rendered":"<p>&nbsp;<br \/>\n&nbsp;<br \/>\n&nbsp;<\/p>\n<div class=\"text_exposed_show\">\n<strong>FALCIANO<\/strong>. (<strong><em>dalla Redazione de Il Battito News<\/em><\/strong>) Il sindaco Erasmo Fava e la Giunta comunale di Falciano del Massico, accogliendo all\u2019unanimit\u00e0 la proposta di adesione avanzata dal responsabile regionale Dr. Antonio Pisano su incarico dell\u2019ideatore dell\u2019iniziativa nazionale, Dr. Giorgio Ceccarelli, hanno approvato la delibera anche in Campania che promuove e sostiene l\u2019istituzione della Festa Nazionale dei Figli, prevista per il 15 giugno, a seguito dell\u2019approvazione di un\u2019apposita legge, per celebrare l\u2019importanza del ruolo della prole all\u2019interno delle famiglie e della societ\u00e0.<br \/>\nPensare all\u2019essere figlio o ai nostri figli impone un percorso di ricerca di responsabilit\u00e0 e istituire questa giornata dedicata alla prole rappresenta un\u2019opportunit\u00e0 significativa per celebrare l\u2019importanza del ruolo dei figli.<br \/>\nAll\u2019iniziativa, che si connota per il suo alto contenuto etico e sociale, tenendo soprattutto conto del rilevante calo di nascite nella popolazione italiana, l\u2019amministrazione guidata dal sindaco Erasmo Fava rilancia cos\u00ec un appello anche alle altre amministrazioni le quali circondano il suo comunune, affinch\u00e9 attuino concretamente politiche per il rilancio dell\u2019istituto familiare, che guardino soprattutto alla valorizzazione della figura dei figli, attraverso la formazione e l\u2019educazione, ma anche investendo maggiori risorse economiche e culturali a sostegno del ruolo sociale dei genitori, passando per iniziative di sensibilizzazione che stimolino un maggiore impegno affettivo degli stessi, oltre che dell\u2019ambito parentale di riferimento.<br \/>\n\u201cOggi, nel mondo, esiste una festa per i pap\u00e0, per le mamme, per i nonni, ma non esiste una festa che esalti la figura e l\u2019importanza insostituibile dei figli\u201c dichiara l\u2019ideatore dell\u2019iniziativa, Giorgio Ceccarelli.<br \/>\n\u201cPartendo dalla condivisione di amministrazioni pubbliche sensibili e illuminate come quella di Falciano Del Massico e grazie all\u2019impegno di centinaia di associazioni nazionali e locali, insieme alla sensibilit\u00e0 di tantissimi personaggi famosi, che stanno svolgendo spontaneamente la funzione di testimonial di questa nostra istanza &#8211; afferma il responsabile per la Campania, Antonio Pisano &#8211; stiamo chiedendo a gran voce l\u2019istituzione di una festivit\u00e0 che celebri i figli. La data individuata \u00e8 quella del 15 giugno di ogni anno, con una serie di eventi e iniziative che in questo speciale giorno metteranno in evidenza il fondamentale ruolo dei figli nella famiglia e nella societ\u00e0\u201d.<br \/>\nIl sindaco Erasmo Fava, consapevole dell\u2019importanza di simili iniziative sociali e, soprattutto, del fatto che per far crescere e sviluppare in modo corretto tutti gli aspetti della personalit\u00e0 dei bambini, affinch\u00e9 acquisiscano nel loro sviluppo intellettivo la necessaria autostima, che domani li far\u00e0 essere anche ottimi cittadini, insiste sulla necessit\u00e0 di promuovere iniziative a sostegno alla natalit\u00e0 e verso politiche per l\u2019infanzia, in quanto \u00e8 sempre pi\u00f9 chiaro, ormai, che i bambini non hanno bisogno solo di amore, ma innanzitutto di una famiglia che possa dedicare e offrire loro tutto quanto \u00e8 necessario per una sana e adeguata crescita psicologica e sociale.\n<\/div>\n","protected":false},"excerpt":{"rendered":"<p>&nbsp; &nbsp; &nbsp; FALCIANO. (dalla Redazione de Il Battito News) Il sindaco Erasmo Fava e la Giunta comunale<\/p>\n","protected":false},"author":2,"featured_media":13293,"comment_status":"closed","ping_status":"closed","sticky":false,"template":"","format":"standard","meta":{"sfsi_plus_gutenberg_text_before_share":"","sfsi_plus_gutenberg_show_text_before_share":"","sfsi_plus_gutenberg_icon_type":"","sfsi_plus_gutenberg_icon_alignemt":"","sfsi_plus_gutenburg_max_per_row":"","footnotes":""},"categories":[10,4,9],"tags":[],"class_list":["post-19622","post","type-post","status-publish","format-standard","has-post-thumbnail","hentry","category-cultura","category-falciano","category-politica"],"_links":{"self":[{"href":"https:\/\/www.thereportzone.it\/index.php?rest_route=\/wp\/v2\/posts\/19622"}],"collection":[{"href":"https:\/\/www.thereportzone.it\/index.php?rest_route=\/wp\/v2\/posts"}],"about":[{"href":"https:\/\/www.thereportzone.it\/index.php?rest_route=\/wp\/v2\/types\/post"}],"author":[{"embeddable":true,"href":"https:\/\/www.thereportzone.it\/index.php?rest_route=\/wp\/v2\/users\/2"}],"replies":[{"embeddable":true,"href":"https:\/\/www.thereportzone.it\/index.php?rest_route=%2Fwp%2Fv2%2Fcomments&post=19622"}],"version-history":[{"count":0,"href":"https:\/\/www.thereportzone.it\/index.php?rest_route=\/wp\/v2\/posts\/19622\/revisions"}],"wp:featuredmedia":[{"embeddable":true,"href":"https:\/\/www.thereportzone.it\/index.php?rest_route=\/"}],"wp:attachment":[{"href":"https:\/\/www.thereportzone.it\/index.php?rest_route=%2Fwp%2Fv2%2Fmedia&parent=19622"}],"wp:term":[{"taxonomy":"category","embeddable":true,"href":"https:\/\/www.thereportzone.it\/index.php?rest_route=%2Fwp%2Fv2%2Fcategories&post=19622"},{"taxonomy":"post_tag","embeddable":true,"href":"https:\/\/www.thereportzone.it\/index.php?rest_route=%2Fwp%2Fv2%2Ftags&post=19622"}],"curies":[{"name":"wp","href":"https:\/\/api.w.org\/{rel}","templated":true}]}}