{"id":1956,"date":"2015-09-22T21:42:21","date_gmt":"2015-09-22T19:42:21","guid":{"rendered":"http:\/\/thereportzone.com\/?p=1956"},"modified":"2015-09-22T21:42:21","modified_gmt":"2015-09-22T19:42:21","slug":"ambiente-italia-domani-su-rai-tre-il-servizio-su-cava-cesque","status":"publish","type":"post","link":"https:\/\/www.thereportzone.it\/?p=1956","title":{"rendered":"Ambiente Italia, domani su Rai Tre il servizio su Cava Cesque"},"content":{"rendered":"<p><br \/>\n<strong>22 Settembre 2015 &#8211; Falciano del Massico.<\/strong> Domani, alle ore 15.35, su Rai Tre, andr\u00e0 in onda il servizio su Cava Cesque di Falciano del Massico. Le telecamere Rai erano venute in paese lo scorso 16 settembre. Ad accompagnare la giornalista Francesca Ghidini gli attivisti del Comitato No Cava che, da tempo, stanno portando avanti questa battaglia per la salvaguardia ambientale. Il servizio andr\u00e0 in onda per la trasmissione Ambiente Italia, nello speciale Puliamo il Mondo. Il Comitato No Cava, intanto, continua ad organizzarsi. Dopo l&#8217;assemblea di gioved\u00ec scorso \u00e8 in programma gi\u00e0 un altro appuntamento. Appuntamento, dunque, per domani pomeriggio alle ore 15-35 su Rai Tre. LEGGI ANCHE <a href=\"http:\/\/thereportzone.com\/2015\/09\/22\/donna-sparata-alla-testa-e-in-gravissime-condizioni-alla-clinica-pineta-grande\/\">&#8220;Rai Tre a Falciano: AmbienteItalia incontra il Comitato No Cava&#8221;\u00a0<\/a>.<\/p>\n<p style=\"text-align:right;\"><strong>Giuseppe Nicodemo<\/strong><\/p>\n","protected":false},"excerpt":{"rendered":"<p>22 Settembre 2015 &#8211; Falciano del Massico. Domani, alle ore 15.35, su Rai Tre, andr\u00e0 in onda il<\/p>\n","protected":false},"author":2,"featured_media":1800,"comment_status":"open","ping_status":"open","sticky":false,"template":"","format":"standard","meta":{"sfsi_plus_gutenberg_text_before_share":"","sfsi_plus_gutenberg_show_text_before_share":"","sfsi_plus_gutenberg_icon_type":"","sfsi_plus_gutenberg_icon_alignemt":"","sfsi_plus_gutenburg_max_per_row":"","footnotes":""},"categories":[8,37],"tags":[15,88,385,51,545,746,747,64,33,17,748,749,750,751,131,752,23,564,153,753,754,755,756,757,758],"class_list":["post-1956","post","type-post","status-publish","format-standard","has-post-thumbnail","hentry","category-cronaca","category-notizie-locali","tag-15","tag-aggressione","tag-agro-aversano","tag-allarme","tag-ambiente","tag-ambiente-italia","tag-ambiente-italia-rai-tre","tag-ambulanza","tag-amministrazione","tag-caserta","tag-cava","tag-cava-cesque","tag-emergenza-ambiente","tag-emergenza-cave","tag-falcianodelmassico","tag-francesca-ghidini","tag-giornalismo","tag-mediaset","tag-provincia","tag-puliamo-il-mondo","tag-rai-televisione-italiana","tag-rai-tre","tag-servizio","tag-televisione","tag-tv"],"_links":{"self":[{"href":"https:\/\/www.thereportzone.it\/index.php?rest_route=\/wp\/v2\/posts\/1956"}],"collection":[{"href":"https:\/\/www.thereportzone.it\/index.php?rest_route=\/wp\/v2\/posts"}],"about":[{"href":"https:\/\/www.thereportzone.it\/index.php?rest_route=\/wp\/v2\/types\/post"}],"author":[{"embeddable":true,"href":"https:\/\/www.thereportzone.it\/index.php?rest_route=\/wp\/v2\/users\/2"}],"replies":[{"embeddable":true,"href":"https:\/\/www.thereportzone.it\/index.php?rest_route=%2Fwp%2Fv2%2Fcomments&post=1956"}],"version-history":[{"count":0,"href":"https:\/\/www.thereportzone.it\/index.php?rest_route=\/wp\/v2\/posts\/1956\/revisions"}],"wp:featuredmedia":[{"embeddable":true,"href":"https:\/\/www.thereportzone.it\/index.php?rest_route=\/"}],"wp:attachment":[{"href":"https:\/\/www.thereportzone.it\/index.php?rest_route=%2Fwp%2Fv2%2Fmedia&parent=1956"}],"wp:term":[{"taxonomy":"category","embeddable":true,"href":"https:\/\/www.thereportzone.it\/index.php?rest_route=%2Fwp%2Fv2%2Fcategories&post=1956"},{"taxonomy":"post_tag","embeddable":true,"href":"https:\/\/www.thereportzone.it\/index.php?rest_route=%2Fwp%2Fv2%2Ftags&post=1956"}],"curies":[{"name":"wp","href":"https:\/\/api.w.org\/{rel}","templated":true}]}}