{"id":19427,"date":"2018-05-26T12:40:00","date_gmt":"2018-05-26T10:40:00","guid":{"rendered":"https:\/\/www.thereportzone.it\/?p=19427"},"modified":"2018-05-26T12:40:00","modified_gmt":"2018-05-26T10:40:00","slug":"falciano-efficientamento-energetico-ce-la-delibera-per-il-progetto-green-targato-falciano-bene-comune","status":"publish","type":"post","link":"https:\/\/www.thereportzone.it\/?p=19427","title":{"rendered":"FALCIANO &#8211; Efficientamento energetico: c&#8217;\u00e8 la delibera per il &#8220;progetto green&#8221; targato Falciano Bene Comune"},"content":{"rendered":"<p>&nbsp;<br \/>\n&nbsp;<br \/>\n<strong>FALCIANO<\/strong>. Essere un Comune al passo con i tempi, oggi, non \u00e8 soltanto una tematica interpretabile come una sorta di &#8220;concorrenza&#8221; nei confronti dei Comuni limitrofi. Alla luce delle nuove possibilit\u00e0 presenti sul mercato, con le nuove tecnologie che avanzano, non sfruttare queste le risorse che la modernit\u00e0 offre, sarebbe un peccato. Cos\u00ec, una buona amministrazione, passa anche per un continuo studio su quanto possa essere meglio fruibile e destinato al cittadino. Sulla base di quanto detto finora, l&#8217;amministrazione comunale guidata dal sindaco <strong>Ing. Giovanni Erasmo Fava<\/strong>, con una delibera di giunta, ha approvato il &#8220;<em>PROGETTO DI FATTIBILITA&#8217; TECNICA ED ECONOMICA PER L&#8217;EFFICIENTAMENTO ENERGETICO E L&#8217;ADEGUAMENTO ALLE NORME DI SICUREZZA ELETTRICA DELL&#8217;IMPIANTO DI PUBBLICA ILLUMIINAZIONE<\/em>&#8220;, per un importo di 700.000,00 euro.<br \/>\nUn progetto importante che porter\u00e0 il Comune di Falciano del Massico ad essere uno dei primi a dotarsi di un impianto a led, godendo, cos\u00ec, di vantaggi enormi: maggiore illuminazione, maggiore sicurezza dell&#8217;impianto, maggior controllo sui costi e sulle spese energetiche, grazie anche ad una sorta di &#8220;sede di monitoraggio&#8221; che indicher\u00e0 qualsiasi carenza energetica in maniera simultanea. Un&#8217;iniziativa d&#8217;avanguardia. &#8220;<em>Questo progetto<\/em> &#8211; ci ha riferito <strong><em>l&#8217;Assessore Vincenzo Cestrone<\/em><\/strong> &#8211;<em> comporter\u00e0 un risparmio di energia elettrica per oltre il 50% rispetto a quello che si consuma attualmente<\/em>. S<em>aranno installate lampade di nuova generazione, con la messa a norma di tutto l\u2019impianto. Su questa tipologia di impianto, inoltre, sar\u00e0 installato un sistema di tele-controllo e gestione computerizzata. In poche parole, dall\u2019ufficio tecnico si controller\u00e0 telematicamente, attraverso un apposito sistema,\u00a0 il consumo simultaneo di energia e la funzionalit\u00e0 stessa delle lampade, facendo cos\u00ec fronte ad eventuali interventi di manutenzione in maniera pi\u00f9 veloce e diretta&#8221;. <\/em>Un progetto che, come si evince dalla delibera numero 54 del 16 maggio scorso, rientra a pieno titolo nella politica ambientale che, l&#8217;attuale amministrazione, porta avanti in maniera meticolosa. E&#8217; chiaro intuire che, maggiore razionalizzazione dell&#8217;energia, riduzione dei consumi e dei costi, riduzione dell&#8217;inquinamento luminoso, rientra a pieno titolo nella salvaguardia dell&#8217;ambiente che, nell&#8217;era corrente, \u00e8 un elemento da tenere in piena considerazione soprattutto se si \u00e8 posizionati, geograficamente, ai piedi di un Monte e circondati dalla natura.<br \/>\n&nbsp;<\/p>\n","protected":false},"excerpt":{"rendered":"<p>&nbsp; &nbsp; FALCIANO. Essere un Comune al passo con i tempi, oggi, non \u00e8 soltanto una tematica interpretabile<\/p>\n","protected":false},"author":2,"featured_media":2999,"comment_status":"closed","ping_status":"closed","sticky":false,"template":"","format":"standard","meta":{"sfsi_plus_gutenberg_text_before_share":"","sfsi_plus_gutenberg_show_text_before_share":"","sfsi_plus_gutenberg_icon_type":"","sfsi_plus_gutenberg_icon_alignemt":"","sfsi_plus_gutenburg_max_per_row":"","footnotes":""},"categories":[4,9],"tags":[],"class_list":["post-19427","post","type-post","status-publish","format-standard","has-post-thumbnail","hentry","category-falciano","category-politica"],"_links":{"self":[{"href":"https:\/\/www.thereportzone.it\/index.php?rest_route=\/wp\/v2\/posts\/19427"}],"collection":[{"href":"https:\/\/www.thereportzone.it\/index.php?rest_route=\/wp\/v2\/posts"}],"about":[{"href":"https:\/\/www.thereportzone.it\/index.php?rest_route=\/wp\/v2\/types\/post"}],"author":[{"embeddable":true,"href":"https:\/\/www.thereportzone.it\/index.php?rest_route=\/wp\/v2\/users\/2"}],"replies":[{"embeddable":true,"href":"https:\/\/www.thereportzone.it\/index.php?rest_route=%2Fwp%2Fv2%2Fcomments&post=19427"}],"version-history":[{"count":0,"href":"https:\/\/www.thereportzone.it\/index.php?rest_route=\/wp\/v2\/posts\/19427\/revisions"}],"wp:featuredmedia":[{"embeddable":true,"href":"https:\/\/www.thereportzone.it\/index.php?rest_route=\/"}],"wp:attachment":[{"href":"https:\/\/www.thereportzone.it\/index.php?rest_route=%2Fwp%2Fv2%2Fmedia&parent=19427"}],"wp:term":[{"taxonomy":"category","embeddable":true,"href":"https:\/\/www.thereportzone.it\/index.php?rest_route=%2Fwp%2Fv2%2Fcategories&post=19427"},{"taxonomy":"post_tag","embeddable":true,"href":"https:\/\/www.thereportzone.it\/index.php?rest_route=%2Fwp%2Fv2%2Ftags&post=19427"}],"curies":[{"name":"wp","href":"https:\/\/api.w.org\/{rel}","templated":true}]}}