{"id":19011,"date":"2018-04-24T11:42:47","date_gmt":"2018-04-24T09:42:47","guid":{"rendered":"http:\/\/www.thereportzone.it\/?p=19011"},"modified":"2018-04-24T11:42:47","modified_gmt":"2018-04-24T09:42:47","slug":"falciano-domani-25-aprile-la-deposizione-della-corona-ai-caduti","status":"publish","type":"post","link":"https:\/\/www.thereportzone.it\/?p=19011","title":{"rendered":"FALCIANO &#8211; Domani, 25 Aprile, la deposizione della corona ai caduti"},"content":{"rendered":"<p>&nbsp;<br \/>\n&nbsp;<br \/>\n<strong>FALCIANO<\/strong>. Domani sar\u00e0 celebrata la ricorrenza del 25 Aprile. L&#8217;amministrazione comunale guidata dal sindaco Ing. <em><strong>Giovanni Erasmo Fava<\/strong><\/em> ha gi\u00e0 stilato un programma, che sar\u00e0 reso noto anche attraverso manifestato (lo stesso che vi proponiamo a fine articolo). Per l&#8217;Anniversario della Liberazione alle 10:30 ci sar\u00e0 un corteo delle autorit\u00e0 che partir\u00e0 dalla Casa Comunale per la deposizione della Corona al Monumento dei Caduti di tutte le guerre.<br \/>\n<img fetchpriority=\"high\" decoding=\"async\" class=\"aligncenter size-full wp-image-19012\" src=\"http:\/\/www.thereportzone.it\/wp-content\/uploads\/2018\/04\/IMG-20180424-WA0009.jpg\" alt=\"\" width=\"683\" height=\"1024\" \/><\/p>\n","protected":false},"excerpt":{"rendered":"<p>&nbsp; &nbsp; FALCIANO. Domani sar\u00e0 celebrata la ricorrenza del 25 Aprile. L&#8217;amministrazione comunale guidata dal sindaco Ing. Giovanni<\/p>\n","protected":false},"author":2,"featured_media":19012,"comment_status":"closed","ping_status":"closed","sticky":false,"template":"","format":"standard","meta":{"sfsi_plus_gutenberg_text_before_share":"","sfsi_plus_gutenberg_show_text_before_share":"","sfsi_plus_gutenberg_icon_type":"","sfsi_plus_gutenberg_icon_alignemt":"","sfsi_plus_gutenburg_max_per_row":"","footnotes":""},"categories":[10,4,9],"tags":[],"class_list":["post-19011","post","type-post","status-publish","format-standard","has-post-thumbnail","hentry","category-cultura","category-falciano","category-politica"],"_links":{"self":[{"href":"https:\/\/www.thereportzone.it\/index.php?rest_route=\/wp\/v2\/posts\/19011"}],"collection":[{"href":"https:\/\/www.thereportzone.it\/index.php?rest_route=\/wp\/v2\/posts"}],"about":[{"href":"https:\/\/www.thereportzone.it\/index.php?rest_route=\/wp\/v2\/types\/post"}],"author":[{"embeddable":true,"href":"https:\/\/www.thereportzone.it\/index.php?rest_route=\/wp\/v2\/users\/2"}],"replies":[{"embeddable":true,"href":"https:\/\/www.thereportzone.it\/index.php?rest_route=%2Fwp%2Fv2%2Fcomments&post=19011"}],"version-history":[{"count":0,"href":"https:\/\/www.thereportzone.it\/index.php?rest_route=\/wp\/v2\/posts\/19011\/revisions"}],"wp:featuredmedia":[{"embeddable":true,"href":"https:\/\/www.thereportzone.it\/index.php?rest_route=\/"}],"wp:attachment":[{"href":"https:\/\/www.thereportzone.it\/index.php?rest_route=%2Fwp%2Fv2%2Fmedia&parent=19011"}],"wp:term":[{"taxonomy":"category","embeddable":true,"href":"https:\/\/www.thereportzone.it\/index.php?rest_route=%2Fwp%2Fv2%2Fcategories&post=19011"},{"taxonomy":"post_tag","embeddable":true,"href":"https:\/\/www.thereportzone.it\/index.php?rest_route=%2Fwp%2Fv2%2Ftags&post=19011"}],"curies":[{"name":"wp","href":"https:\/\/api.w.org\/{rel}","templated":true}]}}