{"id":18958,"date":"2018-04-20T23:00:48","date_gmt":"2018-04-20T21:00:48","guid":{"rendered":"http:\/\/www.thereportzone.it\/?p=18958"},"modified":"2018-04-20T23:00:48","modified_gmt":"2018-04-20T21:00:48","slug":"falciano-presentazione-commissione-pari-opportunita-domenica-il-grande-evento","status":"publish","type":"post","link":"https:\/\/www.thereportzone.it\/?p=18958","title":{"rendered":"FALCIANO &#8211; Presentazione Commissione Pari Opportunit\u00e0: domenica il grande evento"},"content":{"rendered":"<p>&nbsp;<br \/>\n&nbsp;<br \/>\n<em><strong>Articolo a cura di Salvatore Mannillo<\/strong><\/em><br \/>\n<strong>FALCIANO<\/strong>.\u00a0Si terr\u00e0 domenica 22 aprile alle ore 18 presso la villa comunale di Falciano del Massico l&#8217;evento, organizzato dall&#8217;Amministrazione comunale guidata dal sindaco Ing.\u00a0<em><strong>Giovanni Erasmo Fava<\/strong><\/em>, di presentazione della Commissione &#8220;Pari Opportunit\u00e0&#8221;. La manifestazione sar\u00e0 dedicata inoltre alla sensibilizzazione sulla violenza di genere. Interverranno a tal proposito: l&#8217;assessore Antonietta Rucco, il sindaco Ing. Giovanni Erasmo Fava; il parroco Don Valentino Simoniello, la presidente della Commissione Pari Opportunit\u00e0 Marilena Rollo, il vice presidente Francesco Passaretti. Interverranno inoltre i rappresentanti di varie associazioni impegnate proprio su questo tema, come &#8220;V.E.R.I.&#8221; e l&#8217;Associazione &#8220;Fonte di Vita&#8221;. Sar\u00e0 anche l&#8217;occasione per assistere allo spettacolo &#8220;Ni una mas &#8211; Non una di pi\u00f9&#8221;, che tanto ha riscosso successo con le rappresentazioni nelle zone limitrofe. Inoltre preziose sorprese artistiche con installazioni e murales. La creazione di una commissione per le pari opportunit\u00e0 \u00e8 un segnale di forte impegno e di grande sensibilit\u00e0 da parte delle istituzioni nei confronti di temi che troppo spesso sono presi poco in considerazione. Il rispetto per le donne \u00e8 un presupposto del vivere civile e dell&#8217;essere buoni cittadini.<br \/>\n<img fetchpriority=\"high\" decoding=\"async\" class=\"aligncenter size-full wp-image-18959\" src=\"http:\/\/www.thereportzone.it\/wp-content\/uploads\/2018\/04\/FB_IMG_1524257925121.jpg\" alt=\"\" width=\"1142\" height=\"1600\" \/><\/p>\n","protected":false},"excerpt":{"rendered":"<p>&nbsp; &nbsp; Articolo a cura di Salvatore Mannillo FALCIANO.\u00a0Si terr\u00e0 domenica 22 aprile alle ore 18 presso la<\/p>\n","protected":false},"author":2,"featured_media":18959,"comment_status":"closed","ping_status":"closed","sticky":false,"template":"","format":"standard","meta":{"sfsi_plus_gutenberg_text_before_share":"","sfsi_plus_gutenberg_show_text_before_share":"","sfsi_plus_gutenberg_icon_type":"","sfsi_plus_gutenberg_icon_alignemt":"","sfsi_plus_gutenburg_max_per_row":"","footnotes":""},"categories":[10,4,9],"tags":[],"class_list":["post-18958","post","type-post","status-publish","format-standard","has-post-thumbnail","hentry","category-cultura","category-falciano","category-politica"],"_links":{"self":[{"href":"https:\/\/www.thereportzone.it\/index.php?rest_route=\/wp\/v2\/posts\/18958"}],"collection":[{"href":"https:\/\/www.thereportzone.it\/index.php?rest_route=\/wp\/v2\/posts"}],"about":[{"href":"https:\/\/www.thereportzone.it\/index.php?rest_route=\/wp\/v2\/types\/post"}],"author":[{"embeddable":true,"href":"https:\/\/www.thereportzone.it\/index.php?rest_route=\/wp\/v2\/users\/2"}],"replies":[{"embeddable":true,"href":"https:\/\/www.thereportzone.it\/index.php?rest_route=%2Fwp%2Fv2%2Fcomments&post=18958"}],"version-history":[{"count":0,"href":"https:\/\/www.thereportzone.it\/index.php?rest_route=\/wp\/v2\/posts\/18958\/revisions"}],"wp:featuredmedia":[{"embeddable":true,"href":"https:\/\/www.thereportzone.it\/index.php?rest_route=\/"}],"wp:attachment":[{"href":"https:\/\/www.thereportzone.it\/index.php?rest_route=%2Fwp%2Fv2%2Fmedia&parent=18958"}],"wp:term":[{"taxonomy":"category","embeddable":true,"href":"https:\/\/www.thereportzone.it\/index.php?rest_route=%2Fwp%2Fv2%2Fcategories&post=18958"},{"taxonomy":"post_tag","embeddable":true,"href":"https:\/\/www.thereportzone.it\/index.php?rest_route=%2Fwp%2Fv2%2Ftags&post=18958"}],"curies":[{"name":"wp","href":"https:\/\/api.w.org\/{rel}","templated":true}]}}