{"id":18867,"date":"2018-04-13T14:49:19","date_gmt":"2018-04-13T12:49:19","guid":{"rendered":"http:\/\/www.thereportzone.it\/?p=18867"},"modified":"2018-04-13T14:49:19","modified_gmt":"2018-04-13T12:49:19","slug":"estate-a-falciano-fissate-le-prime-date-sara-un-grande-falerno-fest","status":"publish","type":"post","link":"https:\/\/www.thereportzone.it\/?p=18867","title":{"rendered":"Estate a Falciano, fissate le prime date: sar\u00e0 un grande Falerno Fest"},"content":{"rendered":"<p>&nbsp;<br \/>\n&nbsp;<br \/>\n<strong>FALCIANO<\/strong>. Con la riunione avvenuta ieri sera presso la sala consiliare, l\u2019amministrazione comunale inizia ad incontrare commercianti ed associazioni per formulare un primo programma riguardante gli eventi culturali che ci svolgeranno a Falciano del Massico sotto il nome di Estate a Falciano. Il sindaco Ing.<i><b> Giovanni Erasmo Fava<\/b><\/i>, insieme al delegato al ramo spettacoli, consigliere <i><b>Geppino De Santis<\/b><\/i>, e l\u2019amministrazione tutta, sta gi\u00e0 lavorando alla formulazione di un grande calendario. \u00c8 gi\u00e0 stata fissata la data per il Falerno Fest: 5, 6 e 7 ottobre. A tal riguardo il consigliere De Santis dice: \u201c<i>Quest\u2019anno punteremo a creare un evento molto grande e capace di coinvolgere tutte le cantine produttrici di questo meraviglioso prodotto, il vino Falerno. Faremo in modo che, il Falerno Fest, sar\u00e0 il punto di riferimento per tutti i produttori di vino della zona. Inoltre, questa edizione del Falerno Fest porter\u00e0 con s\u00e9 importanti sorprese<\/i>\u201d. Ma durante la riunione si \u00e8 parlato anche di altro. Attraverso eventi culturali di spessore si punta a valorizzare il centro storico del paese. Tra le novit\u00e0 l\u2019organizzazione della Festa dell\u2019Olio di oliva, altro grande prodotto virtuoso di questo territorio. Inoltre, per favorire le passeggiate nel centro, e quindi vivere ed apprezzare le bellezze che un piccolo centro abitato pu\u00f2 offrire, si organizzeranno giorni di isola pedonale, durante il fine settimana. Elementi importanti per vivere a pieno il paese. Il coinvolgimento di commercianti ed associazioni rappresenta sicuramente una marcia in pi\u00f9 per fare bene, tutti insieme. Si comincia gi\u00e0 a lavorare, dunque, alla redazione del programma. Il tempo a disposizione fino all\u2019inizio della bella stagione lascia presagire che l\u2019organizzazione sar\u00e0 meticolosa e precisa, per una buona riuscita degli eventi.<\/p>\n","protected":false},"excerpt":{"rendered":"<p>&nbsp; &nbsp; FALCIANO. Con la riunione avvenuta ieri sera presso la sala consiliare, l\u2019amministrazione comunale inizia ad incontrare<\/p>\n","protected":false},"author":2,"featured_media":18868,"comment_status":"closed","ping_status":"closed","sticky":false,"template":"","format":"standard","meta":{"sfsi_plus_gutenberg_text_before_share":"","sfsi_plus_gutenberg_show_text_before_share":"","sfsi_plus_gutenberg_icon_type":"","sfsi_plus_gutenberg_icon_alignemt":"","sfsi_plus_gutenburg_max_per_row":"","footnotes":""},"categories":[10,4,9],"tags":[],"class_list":["post-18867","post","type-post","status-publish","format-standard","has-post-thumbnail","hentry","category-cultura","category-falciano","category-politica"],"_links":{"self":[{"href":"https:\/\/www.thereportzone.it\/index.php?rest_route=\/wp\/v2\/posts\/18867"}],"collection":[{"href":"https:\/\/www.thereportzone.it\/index.php?rest_route=\/wp\/v2\/posts"}],"about":[{"href":"https:\/\/www.thereportzone.it\/index.php?rest_route=\/wp\/v2\/types\/post"}],"author":[{"embeddable":true,"href":"https:\/\/www.thereportzone.it\/index.php?rest_route=\/wp\/v2\/users\/2"}],"replies":[{"embeddable":true,"href":"https:\/\/www.thereportzone.it\/index.php?rest_route=%2Fwp%2Fv2%2Fcomments&post=18867"}],"version-history":[{"count":0,"href":"https:\/\/www.thereportzone.it\/index.php?rest_route=\/wp\/v2\/posts\/18867\/revisions"}],"wp:featuredmedia":[{"embeddable":true,"href":"https:\/\/www.thereportzone.it\/index.php?rest_route=\/"}],"wp:attachment":[{"href":"https:\/\/www.thereportzone.it\/index.php?rest_route=%2Fwp%2Fv2%2Fmedia&parent=18867"}],"wp:term":[{"taxonomy":"category","embeddable":true,"href":"https:\/\/www.thereportzone.it\/index.php?rest_route=%2Fwp%2Fv2%2Fcategories&post=18867"},{"taxonomy":"post_tag","embeddable":true,"href":"https:\/\/www.thereportzone.it\/index.php?rest_route=%2Fwp%2Fv2%2Ftags&post=18867"}],"curies":[{"name":"wp","href":"https:\/\/api.w.org\/{rel}","templated":true}]}}