{"id":18736,"date":"2018-03-26T17:24:33","date_gmt":"2018-03-26T15:24:33","guid":{"rendered":"http:\/\/www.thereportzone.it\/?p=18736"},"modified":"2018-03-26T17:24:33","modified_gmt":"2018-03-26T15:24:33","slug":"falciano-alternanza-scuola-lavoro-domani-limportante-incontro-voluto-dallamministrazione-comunale","status":"publish","type":"post","link":"https:\/\/www.thereportzone.it\/?p=18736","title":{"rendered":"FALCIANO &#8211; Alternanza Scuola-Lavoro, domani l\u2019importante incontro voluto dall\u2019amministrazione comunale"},"content":{"rendered":"<p>&nbsp;<br \/>\n&nbsp;<br \/>\n<figure id=\"attachment_18738\" aria-describedby=\"caption-attachment-18738\" style=\"width: 861px\" class=\"wp-caption aligncenter\"><img fetchpriority=\"high\" decoding=\"async\" class=\"wp-image-18738 size-full\" src=\"http:\/\/www.thereportzone.it\/wp-content\/uploads\/2018\/03\/07A101D3-D83E-43F4-96AF-14F1DD69D697.jpeg\" alt=\"\" width=\"861\" height=\"861\" \/><figcaption id=\"caption-attachment-18738\" class=\"wp-caption-text\">Il sindaco Ing. Giovanni Erasmo Fava ed il Capogruppo Corrado Freddino<\/figcaption><\/figure><br \/>\n&nbsp;<br \/>\n&nbsp;<br \/>\n<b>FALCIANO<\/b>. Un importante incontro si svolger\u00e0 domani presso il comune di Falciano del Massico alle ore 17:30.\u00a0Un incontro organizzato e fortemente voluto dall\u2019amministrazione comunale soprattutto per l\u2019importanza dello stesso. Si parler\u00e0 di Alternanza Scuola-Lavoro.<br \/>\nL\u2019Alternanza Scuola-Lavoro pu\u00f2 rappresentare una metodologia formativa efficace se consapevolmente utilizzata, un valore educativo del lavoro ed una capacit\u00e0 formativa delle Imprese che possono trovare la giusta dimensione nella Scuola. Grazie alla Alternanza Scuola Lavoro nasce un\u2019alleanza tra Scuola e Lavoro che si prefigge di cambiare profondamente sia la vita quotidiana degli Studenti, sia quella delle Imprese. Un traguardo che mostra una svolta culturale per un Paese.<br \/>\nMa per passare dalla regola alla prassi di studenti che si formano in situazione reale di lavoro, \u00e8 necessario un ampio impegno corale: Istituzioni, Stakeholders, Imprese, le loro Associazioni, il Terzo Settore, gli Enti Pubblici e tutti i potenziali soggetti ospitanti.<br \/>\nSono gi\u00e0 moltissime le Imprese che si sono messe a disposizione delle Scuole per co-progettare, co-realizzare e co-valutare i percorsi di Alternanza. Serve, tuttavia, fare qualcosa di pi\u00f9. \u00c8 necessario coinvolgere pi\u00f9 Imprese, anche le pi\u00f9 piccole. Anche e soprattutto quelle che non hanno mai avuto relazioni con le Scuole, se non saltuarie, anche per mancanza di informazione sulle procedure, sulle metodologie, sui benefici.<br \/>\nDa qui, anche grazie all\u2019Incontro Tecnico programmato per il giorno 27 Marzo p.v. nasce l\u2019idea di una sorta di alleanza per l\u2019Alternanza Scuola Lavoro per la quale il Comune di Falciano del Massico, vuole rivestire il ruolo di Stakeholder sul territorio quale utile strumento di supporto alle Imprese.<br \/>\nSi vuole mettere a disposizione delle Imprese del nostro territorio una sorta di guida agile per orientarsi tra le novit\u00e0 della norma e le incertezze della prassi tali da raggiungere almeno tre obiettivi primari: cogliere pienamente le opportunit\u00e0 offerte dall\u2019Alternanza Scuola Lavoro, ridurre al minimo le criticit\u00e0 esistenti, consolidare reti di Soggetti per ravvivare collaborazioni sistematiche tra le Imprese, le Scuole e gli Stakeholders sul territorio.<br \/>\nSi auspica, nello specifico, quindi, il coinvolgimento delle Imprese del territorio ai temi dell\u2019Alternanza Scuola Lavoro individuando come possibile metodologia la disponibilit\u00e0 ad uno o pi\u00f9 incontri di natura tecnica il primo dei quali si terr\u00e0 presso il Comune di Falciano del Massico il giorno 27 di Marzo p.v. alle ore 17.30 con i Responsabili stessi delle Imprese avente ad oggetto una corretta e puntuale informazione:\u00a0sui temi dell\u2019Alternanza Scuola-Lavoro e sulle possibili metodologie di attuazione degli stessi percorsi \u00a0sui vantaggi e sui benefici per le Aziende ospitanti percorsi di ASL\u00a0sugli incentivi alle assunzioni per le Aziende che ospitano percorsi di ASL.<\/p>\n","protected":false},"excerpt":{"rendered":"<p>&nbsp; &nbsp; &nbsp; &nbsp; FALCIANO. Un importante incontro si svolger\u00e0 domani presso il comune di Falciano del Massico<\/p>\n","protected":false},"author":2,"featured_media":18738,"comment_status":"closed","ping_status":"closed","sticky":false,"template":"","format":"standard","meta":{"sfsi_plus_gutenberg_text_before_share":"","sfsi_plus_gutenberg_show_text_before_share":"","sfsi_plus_gutenberg_icon_type":"","sfsi_plus_gutenberg_icon_alignemt":"","sfsi_plus_gutenburg_max_per_row":"","footnotes":""},"categories":[10,4,9],"tags":[],"class_list":["post-18736","post","type-post","status-publish","format-standard","has-post-thumbnail","hentry","category-cultura","category-falciano","category-politica"],"_links":{"self":[{"href":"https:\/\/www.thereportzone.it\/index.php?rest_route=\/wp\/v2\/posts\/18736"}],"collection":[{"href":"https:\/\/www.thereportzone.it\/index.php?rest_route=\/wp\/v2\/posts"}],"about":[{"href":"https:\/\/www.thereportzone.it\/index.php?rest_route=\/wp\/v2\/types\/post"}],"author":[{"embeddable":true,"href":"https:\/\/www.thereportzone.it\/index.php?rest_route=\/wp\/v2\/users\/2"}],"replies":[{"embeddable":true,"href":"https:\/\/www.thereportzone.it\/index.php?rest_route=%2Fwp%2Fv2%2Fcomments&post=18736"}],"version-history":[{"count":0,"href":"https:\/\/www.thereportzone.it\/index.php?rest_route=\/wp\/v2\/posts\/18736\/revisions"}],"wp:featuredmedia":[{"embeddable":true,"href":"https:\/\/www.thereportzone.it\/index.php?rest_route=\/"}],"wp:attachment":[{"href":"https:\/\/www.thereportzone.it\/index.php?rest_route=%2Fwp%2Fv2%2Fmedia&parent=18736"}],"wp:term":[{"taxonomy":"category","embeddable":true,"href":"https:\/\/www.thereportzone.it\/index.php?rest_route=%2Fwp%2Fv2%2Fcategories&post=18736"},{"taxonomy":"post_tag","embeddable":true,"href":"https:\/\/www.thereportzone.it\/index.php?rest_route=%2Fwp%2Fv2%2Ftags&post=18736"}],"curies":[{"name":"wp","href":"https:\/\/api.w.org\/{rel}","templated":true}]}}