{"id":18673,"date":"2018-03-21T15:22:41","date_gmt":"2018-03-21T14:22:41","guid":{"rendered":"http:\/\/www.thereportzone.it\/?p=18673"},"modified":"2018-03-21T15:22:41","modified_gmt":"2018-03-21T14:22:41","slug":"mondragone-marzo-in-rosa-un-grande-successo-per-lamministrazione-pacifico","status":"publish","type":"post","link":"https:\/\/www.thereportzone.it\/?p=18673","title":{"rendered":"MONDRAGONE &#8211; Marzo in Rosa, un grande successo per l\u2019Amministrazione Pacifico"},"content":{"rendered":"<p>&nbsp;<br \/>\n&nbsp;<br \/>\n&nbsp;<br \/>\n<strong>MONDRAGONE<\/strong>. A pochi giorni dall\u2019evento \u201cMarzo in Rosa I Edizione 2018\u201d, che ha riscosso un notevole successo di pubblico, le\u00a0consigliere comunali promotrici dell\u2019evento, Teresa Pagliaro, Titti Sciaudone e Maria Pacifico, hanno diffuso una nota congiunta per tracciare un bilancio delle attivit\u00e0 realizzate con lo sguardo gi\u00e0 diretto verso la prossima edizione:<br \/>\n&lt;&lt;L\u2019evento \u201cMarzo in Rosa I\u00b0 Edizione 2018\u201d ha avuto come tema la celebrazione della donna, l\u2019emancipazione e le\u00a0pari opportunit\u00e0. L\u2019utilizzo del vocabolo celebrazione, invece che festeggiare, non \u00e8 stato casuale. L\u2019etimologia di celebrazione \u00e8 &#8220;frequentare&#8221;, quindi rendere ricorrenti i suddetti temi, affinch\u00e9 gli stessi non siano relegati alla massificazione consumisticadell\u20198 marzo.<br \/>\nL\u2019evento ha voluto rappresentare \u201cuna donna\u201d in chiave positiva e propositiva, quale protagonista del proprio tempo, che ha saputo traguardare avanzamenti e riconoscimenti. Anche se, purtroppo, le indagini sociologiche evidenziano che ancora lungo \u00e8 il percorso\u00a0per riuscire a rompere la barriera misogina nella nostra cultura. Non \u00e8 casuale che l\u2019Italia, per quanto concerne le pari opportunit\u00e0, si colloca all\u201982\u00b0 posto, anche dopo la Grecia, secondo il rapporto Global Gender Gap Index 2017 del World Economic Forum.<br \/>\nInoltre, \u201cMarzo in Rosa\u201d, fuori da ogni aspettativa, ha rappresentato un inedito momento di incontro e aggregazione\u00a0della comunit\u00e0, in una piacevole e raffinata cornice in rosa tra musica, poesia e arte.<br \/>\nAll\u2019interno dell\u2019evento, si \u00e8 voluto fortemente istituire il premio \u201cDonna Sinuessana 2018\u201d, da conferire alla mondragonese distintasi per protagonismo e meriti conseguiti nella propria attivit\u00e0 sociale e professionale. Il suddetto e prestigioso premio, in\u00a0questa prima edizione, \u00e8 stato assegnato alla dr.ssa Cristina Sorrentino, distintasi con riconoscimenti nella ricerca delle malattie genetiche.<br \/>\nIl Premio alla dr.ssa Cristina Sorrentino \u201cDonna Sinuessana 2018\u201d, per noi organizzatrici, ha un enorme valore anche sociale, in quanto rappresenta un valido esempio da seguire e da emulare per le giovani generazioni della citt\u00e0. Tale riconoscimento dona alla\u00a0nostra citt\u00e0 l\u2019orgoglio che merita, al di l\u00e0 di ogni gratuita rappresentazione, che talvolta si affida a luoghi comuni e ad un immaginario collettivo, molto spesso fuorviato e posticcio. L\u2019auspicio \u00e8 che nei prossimi anni si possa lavorare con la stessa complicit\u00e0 e intesa, insieme a tante altre Mondragonesi, per costruire un Marzo in Rosa 2019 ancora pi\u00f9 ricco di contenuti culturali e di momenti&#8230;&#8230; per \u201cfare comunit\u00e0\u201d.&gt;&gt;<br \/>\n<img fetchpriority=\"high\" decoding=\"async\" class=\"aligncenter size-full wp-image-18674\" src=\"http:\/\/www.thereportzone.it\/wp-content\/uploads\/2018\/03\/IMG-20180321-WA0029.jpg\" alt=\"\" width=\"960\" height=\"720\" \/><br \/>\n<img decoding=\"async\" class=\"aligncenter size-full wp-image-18675\" src=\"http:\/\/www.thereportzone.it\/wp-content\/uploads\/2018\/03\/IMG-20180321-WA0030.jpg\" alt=\"\" width=\"720\" height=\"960\" \/><\/p>\n<p style=\"text-align: center;\"><strong>TIENITI AGGIORNATO SULLE NOTIZIE DELLA CITT\u00c0. CLICCA SUL LOGO QUI SOTTO E METTI MI PIACE ALLA PAGINA QUESTO \u00c8 MONDRAGONE<\/strong><\/p>\n<p><a href=\"https:\/\/www.facebook.com\/QUESTOEMONDRAGONE\/\"><img decoding=\"async\" class=\"aligncenter size-full wp-image-5079\" src=\"http:\/\/www.thereportzone.it\/wp-content\/uploads\/2016\/01\/12584089_1117235094987584_1710208510_n.jpg\" alt=\"\" width=\"600\" height=\"520\" \/><\/a><\/p>\n","protected":false},"excerpt":{"rendered":"<p>&nbsp; &nbsp; &nbsp; MONDRAGONE. A pochi giorni dall\u2019evento \u201cMarzo in Rosa I Edizione 2018\u201d, che ha riscosso un<\/p>\n","protected":false},"author":2,"featured_media":18674,"comment_status":"closed","ping_status":"closed","sticky":false,"template":"","format":"standard","meta":{"sfsi_plus_gutenberg_text_before_share":"","sfsi_plus_gutenberg_show_text_before_share":"","sfsi_plus_gutenberg_icon_type":"","sfsi_plus_gutenberg_icon_alignemt":"","sfsi_plus_gutenburg_max_per_row":"","footnotes":""},"categories":[10,5,9],"tags":[],"class_list":["post-18673","post","type-post","status-publish","format-standard","has-post-thumbnail","hentry","category-cultura","category-mondragone","category-politica"],"_links":{"self":[{"href":"https:\/\/www.thereportzone.it\/index.php?rest_route=\/wp\/v2\/posts\/18673"}],"collection":[{"href":"https:\/\/www.thereportzone.it\/index.php?rest_route=\/wp\/v2\/posts"}],"about":[{"href":"https:\/\/www.thereportzone.it\/index.php?rest_route=\/wp\/v2\/types\/post"}],"author":[{"embeddable":true,"href":"https:\/\/www.thereportzone.it\/index.php?rest_route=\/wp\/v2\/users\/2"}],"replies":[{"embeddable":true,"href":"https:\/\/www.thereportzone.it\/index.php?rest_route=%2Fwp%2Fv2%2Fcomments&post=18673"}],"version-history":[{"count":0,"href":"https:\/\/www.thereportzone.it\/index.php?rest_route=\/wp\/v2\/posts\/18673\/revisions"}],"wp:featuredmedia":[{"embeddable":true,"href":"https:\/\/www.thereportzone.it\/index.php?rest_route=\/"}],"wp:attachment":[{"href":"https:\/\/www.thereportzone.it\/index.php?rest_route=%2Fwp%2Fv2%2Fmedia&parent=18673"}],"wp:term":[{"taxonomy":"category","embeddable":true,"href":"https:\/\/www.thereportzone.it\/index.php?rest_route=%2Fwp%2Fv2%2Fcategories&post=18673"},{"taxonomy":"post_tag","embeddable":true,"href":"https:\/\/www.thereportzone.it\/index.php?rest_route=%2Fwp%2Fv2%2Ftags&post=18673"}],"curies":[{"name":"wp","href":"https:\/\/api.w.org\/{rel}","templated":true}]}}