{"id":18503,"date":"2018-03-07T15:05:21","date_gmt":"2018-03-07T14:05:21","guid":{"rendered":"http:\/\/www.thereportzone.it\/?p=18503"},"modified":"2018-03-07T15:05:21","modified_gmt":"2018-03-07T14:05:21","slug":"falciano-il-pd-locale-primeggia-in-provincia-e-tiene-banco-risultati-soddisfacenti-con-circa-il-25-parlano-i-rappresentanti","status":"publish","type":"post","link":"https:\/\/www.thereportzone.it\/?p=18503","title":{"rendered":"FALCIANO &#8211; Il PD locale primeggia in Provincia e tiene banco: risultati soddisfacenti con circa il 25%. Parlano i rappresentanti"},"content":{"rendered":"<p>&nbsp;<br \/>\n&nbsp;<br \/>\n<strong>FALCIANO<\/strong>. Sebbene la tornata elettorale abbia decretato, a livello nazionale, una disfatta per il Partito Democratico, ci sono ancora Comuni in cui il PD continua a tenere banco. \u00c8 il caso di Falciano del Massico, luogo in cui il PD ha raggiunto quasi il 25%, attestando un primato in Provincia di Caserta dove, sempre il PD, ha raggiunto il 10% circa. Un dato significativo che rende, Falciano del Massico, vera e propria roccaforte PD. Dati pi\u00f9 che soddisfacenti in quanto, volendo fare anche un&#8217;analisi in proporzione ai risultati elettorali di livello nazionale, rappresenta sicuramente disfatta pi\u00f9 grave la mancata &#8220;salita&#8221; dei rappresentanti del centrodestra, alla luce del risultato raggiunto dalla loro coalizione. In merito alla percentuale raggiunta in Comune dal PD parlano i rappresentanti di partito, il primo cittadino Ing. <strong>Giovanni Erasmo Fava<\/strong> ed il capogruppo <strong>Corrado Freddino<\/strong>, a nome di tutti i democratici: &#8220;<em>Per le elezioni alla Camera dei Deputati il Pd di Falciano del Massico ha preso il 24,66%, ossia la percentuale pi\u00f9 alta dell&#8217;intera Provincia di Caserta (solo Gallo Matese ha preso poco di pi\u00f9, ma va considerato che in tutto sono 250 votanti). \u00c8 un grande risultato, e crediamo che sia anche tra i pi\u00f9 alti della Regione Campania e d\u2019Italia. Lo stesso ottimo risultato \u00e8 stato al Senato&#8221;.\u00a0<\/em><\/p>\n","protected":false},"excerpt":{"rendered":"<p>&nbsp; &nbsp; FALCIANO. Sebbene la tornata elettorale abbia decretato, a livello nazionale, una disfatta per il Partito Democratico,<\/p>\n","protected":false},"author":2,"featured_media":11768,"comment_status":"closed","ping_status":"closed","sticky":false,"template":"","format":"standard","meta":{"sfsi_plus_gutenberg_text_before_share":"","sfsi_plus_gutenberg_show_text_before_share":"","sfsi_plus_gutenberg_icon_type":"","sfsi_plus_gutenberg_icon_alignemt":"","sfsi_plus_gutenburg_max_per_row":"","footnotes":""},"categories":[6,4,9],"tags":[],"class_list":["post-18503","post","type-post","status-publish","format-standard","has-post-thumbnail","hentry","category-caserta","category-falciano","category-politica"],"_links":{"self":[{"href":"https:\/\/www.thereportzone.it\/index.php?rest_route=\/wp\/v2\/posts\/18503"}],"collection":[{"href":"https:\/\/www.thereportzone.it\/index.php?rest_route=\/wp\/v2\/posts"}],"about":[{"href":"https:\/\/www.thereportzone.it\/index.php?rest_route=\/wp\/v2\/types\/post"}],"author":[{"embeddable":true,"href":"https:\/\/www.thereportzone.it\/index.php?rest_route=\/wp\/v2\/users\/2"}],"replies":[{"embeddable":true,"href":"https:\/\/www.thereportzone.it\/index.php?rest_route=%2Fwp%2Fv2%2Fcomments&post=18503"}],"version-history":[{"count":0,"href":"https:\/\/www.thereportzone.it\/index.php?rest_route=\/wp\/v2\/posts\/18503\/revisions"}],"wp:featuredmedia":[{"embeddable":true,"href":"https:\/\/www.thereportzone.it\/index.php?rest_route=\/"}],"wp:attachment":[{"href":"https:\/\/www.thereportzone.it\/index.php?rest_route=%2Fwp%2Fv2%2Fmedia&parent=18503"}],"wp:term":[{"taxonomy":"category","embeddable":true,"href":"https:\/\/www.thereportzone.it\/index.php?rest_route=%2Fwp%2Fv2%2Fcategories&post=18503"},{"taxonomy":"post_tag","embeddable":true,"href":"https:\/\/www.thereportzone.it\/index.php?rest_route=%2Fwp%2Fv2%2Ftags&post=18503"}],"curies":[{"name":"wp","href":"https:\/\/api.w.org\/{rel}","templated":true}]}}