{"id":18172,"date":"2018-02-07T15:05:44","date_gmt":"2018-02-07T14:05:44","guid":{"rendered":"http:\/\/www.thereportzone.it\/?p=18172"},"modified":"2018-02-07T15:05:44","modified_gmt":"2018-02-07T14:05:44","slug":"la-giunta-pacifico-riporta-il-carnevale-a-mondragone","status":"publish","type":"post","link":"https:\/\/www.thereportzone.it\/?p=18172","title":{"rendered":"La Giunta Pacifico riporta il Carnevale a Mondragone"},"content":{"rendered":"<p>&nbsp;<br \/>\n&nbsp;<\/p>\n<p style=\"font-weight: 400;\">\n<p style=\"font-weight: 400;\"><em>Dopo dieci anni ritorna la sfilata dei carri allegorici in citt\u00e0, nel segno della tradizione.<\/em><\/p>\n<p style=\"font-weight: 400;\"><strong>MONDRAGONE<\/strong>. Dopo anni di assenza ritorna il Carnevale a Mondragone. L\u2019Amministrazione comunale guidata dal Sindaco\u00a0<strong>Virgilio Pacifico<\/strong>, ha promosso infatti una serie di attivit\u00e0 di Carnevale tra Sabato 10, Domenica 11 e Martedi 13 Febbraio.<\/p>\n<p style=\"font-weight: 400;\">L\u2019inizio delle attivit\u00e0 prevede la consegna delle chiavi della citt\u00e0 da parte del Sindaco a Re Carnevale, che si terr\u00e0 Sabato alle ore 14,30, con partenza del corteo dall\u2019ingresso sud di Via Venezia (nei pressi di Carabinieri), che terminer\u00e0 alle ore 18 in Piazza G. Falcone. Il corteo prevede il grande ritorno dei carri allegorici, oltre alla banda musicale, sbandieratori, majorette e maschere. L\u2019arrivo in Piazza Falcone, invece, sar\u00e0 accompagnato da spettacoli musicali, area bambini e stand eno-gastronomici. Le stesse attivit\u00e0 si svolgeranno nelle giornate di Domenica e Martedi, quando alle ore 20, sempre in piazza Falcone, verr\u00e0 premiata la migliore maschera del carnevale 2018, oltre all\u2019estrazione della tradizionale lotteria.<\/p>\n<p style=\"font-weight: 400;\">\u201c<em>Con un grande sforzo economico \u2013<\/em>spiega il Sindaco Virgilio Pacifico<em>\u00a0\u2013 sostenuto dall\u2019entusiasmo di tutti, riporteremo quest\u2019anno il vero carnevale a Mondragone, come segnale di recupero delle nostre migliori tradizioni<\/em>.\u201d<\/p>\n<p style=\"font-weight: 400;\">Anche l\u2019Assessore alle Attivit\u00e0 produttive\u00a0<strong>Mariarosaria Tramonti<\/strong>\u00a0si dice molto entusiasta: \u201c<em>Considerando il fatto che da circa un decennio in citt\u00e0 non\u00a0\u00e8 stato organizzato il vero carnevale, con la presenza dei carri allegorici a cui la cittadinanza \u00e8, storicamente, molto affezionata, possiamo dire di essere davvero felici ed entusiasti, fermo restando che bisogner\u00e0 attendere la fine delle attivit\u00e0 per effettuare un bilancio che tutti auspichiamo possa essere positivo<\/em>.\u201d<\/p>\n<p style=\"font-weight: 400;\">Poi il Sindaco Virgilio Pacifico sottolinea l\u2019importanza della manifestazione: \u201c<em>Andiamo a recuperare un momento di grande aggregazione e partecipazione, collaborando con le parrocchie cittadine che rappresentano un grande riferimento per i giovani del territorio. Il nostro auspicio \u00e8 quello di recuperare questa bella tradizione e \u2013\u00a0<\/em>conclude Pacifico<em>\u00a0\u2013 attrarre com\u2019\u00e8 sempre stato delle visite dai comuni limitrofi, rispetto ai quali dobbiamo essere un riferimento.<\/em>\u201d<\/p>\n<p><img fetchpriority=\"high\" decoding=\"async\" class=\"aligncenter size-full wp-image-18173\" src=\"http:\/\/www.thereportzone.it\/wp-content\/uploads\/2018\/02\/IMG-20180207-WA0001.jpg\" alt=\"\" width=\"750\" height=\"1334\" \/><\/p>\n<p style=\"text-align: center;\"><strong>TIENITI AGGIORNATO SULLE NOTIZIE DELLA CITT\u00c0. CLICCA SUL LOGO QUI SOTTO E METTI MI PIACE ALLA PAGINA QUESTO \u00c8 MONDRAGONE<\/strong><\/p>\n<p><a href=\"https:\/\/www.facebook.com\/QUESTOEMONDRAGONE\/\"><img decoding=\"async\" class=\"aligncenter size-full wp-image-5079\" src=\"http:\/\/www.thereportzone.it\/wp-content\/uploads\/2016\/01\/12584089_1117235094987584_1710208510_n.jpg\" alt=\"\" width=\"600\" height=\"520\" \/><\/a><\/p>\n","protected":false},"excerpt":{"rendered":"<p>&nbsp; &nbsp; Dopo dieci anni ritorna la sfilata dei carri allegorici in citt\u00e0, nel segno della tradizione. MONDRAGONE.<\/p>\n","protected":false},"author":2,"featured_media":18174,"comment_status":"closed","ping_status":"closed","sticky":false,"template":"","format":"standard","meta":{"sfsi_plus_gutenberg_text_before_share":"","sfsi_plus_gutenberg_show_text_before_share":"","sfsi_plus_gutenberg_icon_type":"","sfsi_plus_gutenberg_icon_alignemt":"","sfsi_plus_gutenburg_max_per_row":"","footnotes":""},"categories":[10,5,9],"tags":[],"class_list":["post-18172","post","type-post","status-publish","format-standard","has-post-thumbnail","hentry","category-cultura","category-mondragone","category-politica"],"_links":{"self":[{"href":"https:\/\/www.thereportzone.it\/index.php?rest_route=\/wp\/v2\/posts\/18172"}],"collection":[{"href":"https:\/\/www.thereportzone.it\/index.php?rest_route=\/wp\/v2\/posts"}],"about":[{"href":"https:\/\/www.thereportzone.it\/index.php?rest_route=\/wp\/v2\/types\/post"}],"author":[{"embeddable":true,"href":"https:\/\/www.thereportzone.it\/index.php?rest_route=\/wp\/v2\/users\/2"}],"replies":[{"embeddable":true,"href":"https:\/\/www.thereportzone.it\/index.php?rest_route=%2Fwp%2Fv2%2Fcomments&post=18172"}],"version-history":[{"count":0,"href":"https:\/\/www.thereportzone.it\/index.php?rest_route=\/wp\/v2\/posts\/18172\/revisions"}],"wp:featuredmedia":[{"embeddable":true,"href":"https:\/\/www.thereportzone.it\/index.php?rest_route=\/"}],"wp:attachment":[{"href":"https:\/\/www.thereportzone.it\/index.php?rest_route=%2Fwp%2Fv2%2Fmedia&parent=18172"}],"wp:term":[{"taxonomy":"category","embeddable":true,"href":"https:\/\/www.thereportzone.it\/index.php?rest_route=%2Fwp%2Fv2%2Fcategories&post=18172"},{"taxonomy":"post_tag","embeddable":true,"href":"https:\/\/www.thereportzone.it\/index.php?rest_route=%2Fwp%2Fv2%2Ftags&post=18172"}],"curies":[{"name":"wp","href":"https:\/\/api.w.org\/{rel}","templated":true}]}}