{"id":18149,"date":"2018-02-02T10:21:44","date_gmt":"2018-02-02T09:21:44","guid":{"rendered":"http:\/\/www.thereportzone.it\/?p=18149"},"modified":"2018-02-02T10:21:44","modified_gmt":"2018-02-02T09:21:44","slug":"falciano-sicura-parte-il-progetto-parla-igor-prata","status":"publish","type":"post","link":"https:\/\/www.thereportzone.it\/?p=18149","title":{"rendered":"FALCIANO SICURA &#8211; Parte il progetto, parla Igor Prata"},"content":{"rendered":"<p>&nbsp;<br \/>\n&nbsp;<br \/>\n<b>FALCIANO<\/b>. Come gi\u00e0 annunciato su queste pagine, e come annunciato dall\u2019amministrazione comunale attraverso una conferenza stampa, a partire da ieri, primo febbraio, ha preso vita il progetto \u201cFALCIANO SICURA\u201d. Un progetto che come abbiamo avuto modo di vedere, si avvale dell\u2019ausilio di 3 vigili urbani del comune di Mondragone per intensificare i controlli su diversi aspetti. Non soltanto viabilit\u00e0, ma anche controllo del territorio, rispetto dell\u2019ambiente, lotta agli svernamenti illeciti di rifiuti e guerra alle cause degli incendi boschivi. Tutto questo anche attraverso l\u2019ausilio di macchinari tecnologici come foto-trappola e ulteriore installazione di videocamere. A tal riguardo \u00e8 intervenuto, ieri, <b>Igor Prata<\/b> che, allo scattare del primo giorno del progetto (che durer\u00e0 8 mesi) ha dichiarato quanto segue: \u201c<i>Ho sempre pensato che la politica fosse un servizio utile a far avanzare la societ\u00e0. Non ho mai pensato che una scelta amministrativa vada fatta per garantirsi un voto in pi\u00f9. La politica deve muoversi per attuare cose giuste anche quando \u201cconverrebbe\u201d far altro. Parto da qui per dirvi che davvero non ho capito, in questi mesi, quelle persone che tanto han avuto a lamentarsi della scelta del doppio senso di marcia sul corso principale di Falciano. Alla base di questa decisione ci sono delle ragioni che per l\u2019attuale amministrazione sono priorit\u00e0: evitare che strade interne come la storica via Falerno continuassero ad essere circumvallazioni; alimentare la presenza di vita umana sul corso che, via via, negli anni, andava sempre pi\u00f9 a spegnersi ( ecco perch\u00e9 la riduzione a poche strisce di sosta magari per fare spesa ); eliminare i problemi di blocco del traffico che vi erano con il senso unico sullo stesso corso; si tratta di un impegno preso in campagna elettorale e nato dalla campagna di ascolto con i cittadini. Io sono convinto che la politica debba orientare il senso civico dei cittadini e far fare un salto di qualit\u00e0 al grado di civilt\u00e0 in cui viviamo. Ognuno di noi dovrebbe seguire le regole e utilizzare i parcheggi ( sempre vuoti ) che sono dislocati nei pressi del cuore del Paese. Se spesso si intasa il traffico la colpa non \u00e8 altro che nostra ( essendo uno che gira tanto e spesso si becca qualche multa entro pianamente nel calderone dei tutti ). Insomma spesso per far funzionare le cose basterebbe un maggiore impegno da parte di tutti noi nel rispetto degli altri. Bisogna partire da noi stessi per migliorare questo nostro mondo. Ed allora non aspettiamo sempre che vengano a farci una multa ma cerchiamo di evitare di parcheggiare fuori le aree di sosta; cerchiamo di utilizzarlo il parcheggio gi\u00f9 alla \u201climatella\u201d perch\u00e9 \u00e8 davvero scandaloso vedere macchine ferme nella strada adiacente in entrambe i lati della carreggiata quando a 10 ( dieci !!! ) metri abbiamo un ampio parcheggio; cerchiamo di non prendercela sempre con i mancati controlli, che comunque devono esserci e vanno pretesi, perch\u00e9 in fondo non c\u2019\u00e8 miglior controllo che si possa avere del nostro rispetto civico. E nulla arrivano vigili esterni non solo per questo motivo ma per tanto altro; abbiamo a cuore l\u2019ambiente ed il territorio ed anche l\u00ec dobbiamo tanto migliorare nel rispettare il prossimo. Qualsiasi scelta risulti impopolare ma che a medio lungo termine pu\u00f2 migliorare il nostro vivere quotidiano \u00e8 giusto che sia fatta perch\u00e9 non si fa politica per un voto in pi\u00f9 ma si fa politica per il Bene Comune\u201c.<\/i><\/p>\n","protected":false},"excerpt":{"rendered":"<p>&nbsp; &nbsp; FALCIANO. Come gi\u00e0 annunciato su queste pagine, e come annunciato dall\u2019amministrazione comunale attraverso una conferenza stampa,<\/p>\n","protected":false},"author":2,"featured_media":2999,"comment_status":"closed","ping_status":"closed","sticky":false,"template":"","format":"standard","meta":{"sfsi_plus_gutenberg_text_before_share":"","sfsi_plus_gutenberg_show_text_before_share":"","sfsi_plus_gutenberg_icon_type":"","sfsi_plus_gutenberg_icon_alignemt":"","sfsi_plus_gutenburg_max_per_row":"","footnotes":""},"categories":[4,9],"tags":[],"class_list":["post-18149","post","type-post","status-publish","format-standard","has-post-thumbnail","hentry","category-falciano","category-politica"],"_links":{"self":[{"href":"https:\/\/www.thereportzone.it\/index.php?rest_route=\/wp\/v2\/posts\/18149"}],"collection":[{"href":"https:\/\/www.thereportzone.it\/index.php?rest_route=\/wp\/v2\/posts"}],"about":[{"href":"https:\/\/www.thereportzone.it\/index.php?rest_route=\/wp\/v2\/types\/post"}],"author":[{"embeddable":true,"href":"https:\/\/www.thereportzone.it\/index.php?rest_route=\/wp\/v2\/users\/2"}],"replies":[{"embeddable":true,"href":"https:\/\/www.thereportzone.it\/index.php?rest_route=%2Fwp%2Fv2%2Fcomments&post=18149"}],"version-history":[{"count":0,"href":"https:\/\/www.thereportzone.it\/index.php?rest_route=\/wp\/v2\/posts\/18149\/revisions"}],"wp:featuredmedia":[{"embeddable":true,"href":"https:\/\/www.thereportzone.it\/index.php?rest_route=\/"}],"wp:attachment":[{"href":"https:\/\/www.thereportzone.it\/index.php?rest_route=%2Fwp%2Fv2%2Fmedia&parent=18149"}],"wp:term":[{"taxonomy":"category","embeddable":true,"href":"https:\/\/www.thereportzone.it\/index.php?rest_route=%2Fwp%2Fv2%2Fcategories&post=18149"},{"taxonomy":"post_tag","embeddable":true,"href":"https:\/\/www.thereportzone.it\/index.php?rest_route=%2Fwp%2Fv2%2Ftags&post=18149"}],"curies":[{"name":"wp","href":"https:\/\/api.w.org\/{rel}","templated":true}]}}